{"id":8861,"date":"2024-06-10T17:06:29","date_gmt":"2024-06-10T17:06:29","guid":{"rendered":"https:\/\/bfshow.com.br\/?p=8861"},"modified":"2024-06-10T19:37:58","modified_gmt":"2024-06-10T19:37:58","slug":"pequenas-e-medias-empresas-marcam-presenca-na-maior-feira-de-calcados-do-brasil","status":"publish","type":"post","link":"https:\/\/bfshow.com.br\/es\/pequenas-e-medias-empresas-marcam-presenca-na-maior-feira-de-calcados-do-brasil\/","title":{"rendered":"Peque\u00f1as y medianas empresas est\u00e1n presentes en la mayor feria de calzados de Brasil"},"content":{"rendered":"<p>Brasil es conocido por la fortaleza de sus peque\u00f1as y medianas empresas. Seg\u00fan datos del Sebrae, el 95% de las empresas en Brasil son peque\u00f1os negocios. Son 22,6 millones de PYMEs, que totalizan un promedio de R$ 20,26 millones de ingresos por a\u00f1o. Tambi\u00e9n est\u00e1n presentes en el sector calzados: de las 5.300 industrias de calzados que hay en el pa\u00eds, el 92% son micro y peque\u00f1as. Y muchos de ellas se reunieron durante los tres d\u00edas de BFSHOW, la mayor feria de calzados de Brasil, realizada entre los d\u00edas 21 y 23 de mayo, en Transamerica Expo Center, en S\u00e3o Paulo\/SP. El evento es organizado por la Asociaci\u00f3n Brasile\u00f1a de la Industria del Calzado (Abical\u00e7ados) en asociaci\u00f3n con la promotora N\u00fcrnbergMesse Brasil.<\/p>\n\n\n\n<p>En BFSHOW, cerca de 35% de los 318 expositores pertenecen a la categor\u00eda de micro y peque\u00f1as empresas, y el 49% son medianas. Uno de ellos es Killana. Fundada hace 28 a\u00f1os en Tr\u00eas Coroas (RS), la empresa produce calzados de cuero con un modelo de negocio dividido entre private label (que produce para otras marcas) y marca propia, lo que corresponde al 30% de la producci\u00f3n de alrededor de 700 calzados por d\u00eda. La mediana empresa se centra en vender su l\u00ednea a trav\u00e9s de asociaciones con minoristas y, desde 2002, tambi\u00e9n exporta sus productos a pa\u00edses como Rusia, Estados Unidos, Argentina, Italia y Portugal, entre otros. Y en BFSHOW tiene una vitrina para llegar a nuevos mercados. <em>private label<\/em> (produzindo para outras marcas) e marca pr\u00f3pria, que corresponde a 30% da produ\u00e7\u00e3o de cerca de 700 cal\u00e7ados por dia. A empresa de m\u00e9dio porte aposta na comercializa\u00e7\u00e3o de sua linha por meio da parceria com varejistas e, desde 2002, tamb\u00e9m exporta seus produtos para pa\u00edses como R\u00fassia, Estados Unidos, Argentina, It\u00e1lia e Portugal, entre outros. E na BFSHOW tem uma vitrine para atingir novos mercados.<\/p>\n\n\n\n<p>\u201cEs sumamente importante participar de BFSHOW porque es el lugar donde podemos captar y reunirnos con clientes, centralizando el proceso de b\u00fasqueda e investigaci\u00f3n y confirmando que quieren trabajar con nosotros. Algunos pa\u00edses solo atendemos en la feria. En esta edici\u00f3n, por ejemplo, tuvimos una clienta de Guatemala que quiere comprar nuestra colecci\u00f3n e incluso nos sugiri\u00f3 abrir su propia tienda en asociaci\u00f3n. Son negocios que podr\u00edan surgir aqu\u00ed y que nos podr\u00edan llevar a otros mercados en el futuro\u201d, afirma Marcos Huff, administrador de Killana. Seg\u00fan \u00e9l, la colecci\u00f3n de verano presentada en BFSHOW deber\u00eda tener un crecimiento de ventas del 10% en comparaci\u00f3n con el a\u00f1o pasado.<\/p>\n\n\n\n<p><strong>Estaci\u00f3n Moda RS<\/strong><\/p>\n\n\n\n<p>Sebrae de Rio Grande do Sul tambi\u00e9n estuvo presente en la feria, con un espacio dedicado a 18 micro y peque\u00f1as empresas del estado, todas las cuales, de alguna manera, fueron afectadas por las inundaciones. La participaci\u00f3n de las empresas, organizadas en el espacio Estaci\u00f3n Moda RS, fue confirmada antes de la cat\u00e1strofe clim\u00e1tica, con el apoyo de la organizaci\u00f3n de la feria y del Sebrae, todos pudieron estar presentes en el evento.&nbsp;<\/p>\n\n\n\n<p>\u201cCon esta situaci\u00f3n que atravesamos, estar en BFSHOW es crucial para la supervivencia de los negocios. No vienen a la feria s\u00f3lo para relacionarse, vienen para generar pedidos y garantizar la producci\u00f3n para los pr\u00f3ximos dos, tres meses en la f\u00e1brica, un factor sumamente importante para mantener el empleo, los ingresos y garantizar que la econom\u00eda local siga funcionando\u201d, afirma Aliana Maciel, responsable de proyectos de Sebrae RS.<\/p>\n\n\n\n<p>El proyecto Sebrae RS cuenta en total con 50 micro y peque\u00f1as empresas en el estado, de las cuales 17 estuvieron en BFSHOW con el apoyo de la asociaci\u00f3n. Durante el evento, las empresas del proyecto cerraron negocios por m\u00e1s de R$ 4,4 millones. Seg\u00fan el Sebrae, la perspectiva para los pr\u00f3ximos 12 meses, seg\u00fan lo visto en la feria, es una facturaci\u00f3n esperada de m\u00e1s de R$ 9,7 millones. Los expositores vendieron m\u00e1s de 55 mil productos para alrededor de 500 compradores diferentes.<\/p>\n\n\n\n<p>Ayudar a los micro y peque\u00f1os empresarios a registrar aumentos en sus ingresos es tambi\u00e9n la principal propuesta del Sebrae SP en BFSHOW. El consultor del Sebrae Franca, Jorge Zanetti, explica que la entidad act\u00faa en cuatro \u00e1reas principales con los emprendedores: gesti\u00f3n de empresas, acceso al cr\u00e9dito, tecnolog\u00edas y mercados \u2013 este \u00faltimo es el principal motivo de la participaci\u00f3n en la feria.<\/p>\n\n\n\n<p>\u201cEs muy importante estar en BFSHOW porque podemos darles visibilidad a las peque\u00f1as empresas, para que tengan la oportunidad de acceder a mercados que muchas veces no pueden. Y tambi\u00e9n para que estos emprendedores puedan analizar tendencias y saber m\u00e1s sobre lo que est\u00e1 pasando en Brasil. Creamos un espacio compartido para tres de los principales polos de calzados de S\u00e3o Paulo: Franca, Ja\u00fa y Birigui, cada uno con cinco empresas de cada ciudad. Nuestra perspectiva es que estas empresas tendr\u00e1n un aumento de ingresos de al menos el 10% durante el a\u00f1o\u201d, explica Zanetti.<\/p>\n\n\n\n<p>\u00a1La 3\u00aa edici\u00f3n de BFSHOW ya est\u00e1 confirmada! Tendr\u00e1 lugar del 11 al 13 de noviembre de 2024, en Novo Distrito Anhembi, en S\u00e3o Paulo (SP).<\/p>\n\n\n\n<p><strong>Acerca de Abical\u00e7ados<\/strong><\/p>\n\n\n\n<p>La Abical\u00e7ados es la entidad que representa la industria nacional, quinta m\u00e1s grande productora de calzados en el mundo, la m\u00e1s grande del Occidente. Creada en 1983, la Abical\u00e7ados, con sede en Novo Hamburgo\/RS, posee en su cuadro de asociados empresas de todos los portes y que correspondan a 65% del total de pares producidos en el pa\u00eds.  La entidad representa una industria que emplea, directamente, m\u00e1s de 300 mil personas. Su misi\u00f3n es representar, defender, desarrollar y promover la industria de calzados brasile\u00f1a, con respeto, excelencia y resultados.<\/p>\n\n\n\n<p><strong>Sobre N\u00fcrnbergMesse Brasil<\/strong><\/p>\n\n\n\n<p>N\u00fcrnbergMesse Brasil es una subsidiaria del Grupo N\u00fcrnbergMesse, una de las 15 principales empresas internacionales de organizaci\u00f3n de eventos en el mundo. El grupo tiene un portafolio con m\u00e1s de 120 ferias y congresos internacionales (14 de ellos en Brasil) y m\u00e1s de 40 pabellones. Anualmente, participan en los eventos organizados por N\u00fcrnbergMesse alrededor de 30,000 expositores y m\u00e1s de 1.5 millones de visitantes. La empresa est\u00e1 presente a trav\u00e9s de sus subsidiarias en China, Estados Unidos, Brasil, Grecia, Italia e India. El grupo tambi\u00e9n tiene una red con unos 50 representantes que operan en m\u00e1s de 116 pa\u00edses.<\/p>","protected":false},"excerpt":{"rendered":"<p>O Brasil \u00e9 conhecido pela for\u00e7a de suas pequenas e m\u00e9dias empresas. Segundo dados do Sebrae, 95% das empresas do Brasil s\u00e3o pequenos neg\u00f3cios. S\u00e3o 22,6 milh\u00f5es de PMEs, que totalizam em m\u00e9dia R$ 20,26 milh\u00f5es em faturamento por ano. Elas tamb\u00e9m marcam presen\u00e7a no setor cal\u00e7adista: das 5,3 mil ind\u00fastrias de cal\u00e7ados do pa\u00eds, [&hellip;]<\/p>\n","protected":false},"author":5,"featured_media":8863,"comment_status":"open","ping_status":"open","sticky":false,"template":"","format":"standard","meta":{"footnotes":""},"categories":[11],"tags":[],"class_list":["post-8861","post","type-post","status-publish","format-standard","has-post-thumbnail","hentry","category-noticias-brasil"],"yoast_head":"<!-- This site is optimized with the Yoast SEO Premium plugin v26.2 (Yoast SEO v21.3) - https:\/\/yoast.com\/wordpress\/plugins\/seo\/ -->\n<title>Pequenas e m\u00e9dias empresas marcam presen\u00e7a na maior feira de cal\u00e7ados do Brasil - Brazilian Footwear Show<\/title>\n<meta name=\"robots\" content=\"index, follow, max-snippet:-1, max-image-preview:large, max-video-preview:-1\" \/>\n<link rel=\"canonical\" href=\"https:\/\/bfshow.com.br\/es\/pequenas-e-medias-empresas-marcam-presenca-na-maior-feira-de-calcados-do-brasil\/\" \/>\n<meta property=\"og:locale\" content=\"es_ES\" \/>\n<meta property=\"og:type\" content=\"article\" \/>\n<meta property=\"og:title\" content=\"Pequenas e m\u00e9dias empresas marcam presen\u00e7a na maior feira de cal\u00e7ados do Brasil - Brazilian Footwear Show\" \/>\n<meta property=\"og:description\" content=\"O Brasil \u00e9 conhecido pela for\u00e7a de suas pequenas e m\u00e9dias empresas. Segundo dados do Sebrae, 95% das empresas do Brasil s\u00e3o pequenos neg\u00f3cios. S\u00e3o 22,6 milh\u00f5es de PMEs, que totalizam em m\u00e9dia R$ 20,26 milh\u00f5es em faturamento por ano. Elas tamb\u00e9m marcam presen\u00e7a no setor cal\u00e7adista: das 5,3 mil ind\u00fastrias de cal\u00e7ados do pa\u00eds, [&hellip;]\" \/>\n<meta property=\"og:url\" content=\"https:\/\/bfshow.com.br\/es\/pequenas-e-medias-empresas-marcam-presenca-na-maior-feira-de-calcados-do-brasil\/\" \/>\n<meta property=\"og:site_name\" content=\"Brazilian Footwear Show\" \/>\n<meta property=\"article:publisher\" content=\"https:\/\/www.facebook.com\/bfshowoficial\" \/>\n<meta property=\"article:published_time\" content=\"2024-06-10T17:06:29+00:00\" \/>\n<meta property=\"article:modified_time\" content=\"2024-06-10T19:37:58+00:00\" \/>\n<meta property=\"og:image\" content=\"http:\/\/bfshow.com.br\/wp-content\/uploads\/2024\/06\/BFSHOW-4454-1-scaled.jpg\" \/>\n\t<meta property=\"og:image:width\" content=\"2560\" \/>\n\t<meta property=\"og:image:height\" content=\"1709\" \/>\n\t<meta property=\"og:image:type\" content=\"image\/jpeg\" \/>\n<meta name=\"author\" content=\"imprensa2\" \/>\n<meta name=\"twitter:card\" content=\"summary_large_image\" \/>\n<meta name=\"twitter:label1\" content=\"Escrito por\" \/>\n\t<meta name=\"twitter:data1\" content=\"imprensa2\" \/>\n\t<meta name=\"twitter:label2\" content=\"Tiempo de lectura\" \/>\n\t<meta name=\"twitter:data2\" content=\"6 minutos\" \/>\n<script type=\"application\/ld+json\" class=\"yoast-schema-graph\">{\"@context\":\"https:\/\/schema.org\",\"@graph\":[{\"@type\":\"Article\",\"@id\":\"https:\/\/bfshow.com.br\/pequenas-e-medias-empresas-marcam-presenca-na-maior-feira-de-calcados-do-brasil\/#article\",\"isPartOf\":{\"@id\":\"https:\/\/bfshow.com.br\/pequenas-e-medias-empresas-marcam-presenca-na-maior-feira-de-calcados-do-brasil\/\"},\"author\":{\"name\":\"imprensa2\",\"@id\":\"https:\/\/bfshow.com.br\/#\/schema\/person\/d44405f1ebc626a2a9fc93e8772b53cd\"},\"headline\":\"Pequenas e m\u00e9dias empresas marcam presen\u00e7a na maior feira de cal\u00e7ados do Brasil\",\"datePublished\":\"2024-06-10T17:06:29+00:00\",\"dateModified\":\"2024-06-10T19:37:58+00:00\",\"mainEntityOfPage\":{\"@id\":\"https:\/\/bfshow.com.br\/pequenas-e-medias-empresas-marcam-presenca-na-maior-feira-de-calcados-do-brasil\/\"},\"wordCount\":1003,\"commentCount\":0,\"publisher\":{\"@id\":\"https:\/\/bfshow.com.br\/#organization\"},\"articleSection\":[\"Not\u00edcias\"],\"inLanguage\":\"es\",\"potentialAction\":[{\"@type\":\"CommentAction\",\"name\":\"Comment\",\"target\":[\"https:\/\/bfshow.com.br\/pequenas-e-medias-empresas-marcam-presenca-na-maior-feira-de-calcados-do-brasil\/#respond\"]}]},{\"@type\":\"WebPage\",\"@id\":\"https:\/\/bfshow.com.br\/pequenas-e-medias-empresas-marcam-presenca-na-maior-feira-de-calcados-do-brasil\/\",\"url\":\"https:\/\/bfshow.com.br\/pequenas-e-medias-empresas-marcam-presenca-na-maior-feira-de-calcados-do-brasil\/\",\"name\":\"Pequenas e m\u00e9dias empresas marcam presen\u00e7a na maior feira de cal\u00e7ados do Brasil - Brazilian Footwear Show\",\"isPartOf\":{\"@id\":\"https:\/\/bfshow.com.br\/#website\"},\"datePublished\":\"2024-06-10T17:06:29+00:00\",\"dateModified\":\"2024-06-10T19:37:58+00:00\",\"breadcrumb\":{\"@id\":\"https:\/\/bfshow.com.br\/pequenas-e-medias-empresas-marcam-presenca-na-maior-feira-de-calcados-do-brasil\/#breadcrumb\"},\"inLanguage\":\"es\",\"potentialAction\":[{\"@type\":\"ReadAction\",\"target\":[\"https:\/\/bfshow.com.br\/pequenas-e-medias-empresas-marcam-presenca-na-maior-feira-de-calcados-do-brasil\/\"]}]},{\"@type\":\"BreadcrumbList\",\"@id\":\"https:\/\/bfshow.com.br\/pequenas-e-medias-empresas-marcam-presenca-na-maior-feira-de-calcados-do-brasil\/#breadcrumb\",\"itemListElement\":[{\"@type\":\"ListItem\",\"position\":1,\"name\":\"In\u00edcio\",\"item\":\"https:\/\/bfshow.com.br\/\"},{\"@type\":\"ListItem\",\"position\":2,\"name\":\"Pequenas e m\u00e9dias empresas marcam presen\u00e7a na maior feira de cal\u00e7ados do Brasil\"}]},{\"@type\":\"WebSite\",\"@id\":\"https:\/\/bfshow.com.br\/#website\",\"url\":\"https:\/\/bfshow.com.br\/\",\"name\":\"Brazilian Footwear Show\",\"description\":\"\",\"publisher\":{\"@id\":\"https:\/\/bfshow.com.br\/#organization\"},\"potentialAction\":[{\"@type\":\"SearchAction\",\"target\":{\"@type\":\"EntryPoint\",\"urlTemplate\":\"https:\/\/bfshow.com.br\/?s={search_term_string}\"},\"query-input\":\"required name=search_term_string\"}],\"inLanguage\":\"es\"},{\"@type\":\"Organization\",\"@id\":\"https:\/\/bfshow.com.br\/#organization\",\"name\":\"Brazilian Footwear Show\",\"url\":\"https:\/\/bfshow.com.br\/\",\"logo\":{\"@type\":\"ImageObject\",\"inLanguage\":\"es\",\"@id\":\"https:\/\/bfshow.com.br\/#\/schema\/logo\/image\/\",\"url\":\"https:\/\/bfshow.com.br\/wp-content\/uploads\/2022\/11\/logo-light.png\",\"contentUrl\":\"https:\/\/bfshow.com.br\/wp-content\/uploads\/2022\/11\/logo-light.png\",\"width\":1625,\"height\":322,\"caption\":\"Brazilian Footwear Show\"},\"image\":{\"@id\":\"https:\/\/bfshow.com.br\/#\/schema\/logo\/image\/\"},\"sameAs\":[\"https:\/\/www.facebook.com\/bfshowoficial\",\"https:\/\/www.instagram.com\/bfshowoficial\/\",\"https:\/\/www.linkedin.com\/company\/bfshowoficial\/?viewAsMember=true\"]},{\"@type\":\"Person\",\"@id\":\"https:\/\/bfshow.com.br\/#\/schema\/person\/d44405f1ebc626a2a9fc93e8772b53cd\",\"name\":\"imprensa2\",\"image\":{\"@type\":\"ImageObject\",\"inLanguage\":\"es\",\"@id\":\"https:\/\/bfshow.com.br\/#\/schema\/person\/image\/\",\"url\":\"https:\/\/bfshow.com.br\/wp-content\/litespeed\/avatar\/06b160efa5bc93c875b7383b163c3c62.jpg?ver=1776965902\",\"contentUrl\":\"https:\/\/bfshow.com.br\/wp-content\/litespeed\/avatar\/06b160efa5bc93c875b7383b163c3c62.jpg?ver=1776965902\",\"caption\":\"imprensa2\"},\"url\":\"https:\/\/bfshow.com.br\/es\/author\/imprensa2\/\"}]}<\/script>\n<!-- \/ Yoast SEO Premium plugin. -->","yoast_head_json":{"title":"Pequenas e m\u00e9dias empresas marcam presen\u00e7a na maior feira de cal\u00e7ados do Brasil - Brazilian Footwear Show","robots":{"index":"index","follow":"follow","max-snippet":"max-snippet:-1","max-image-preview":"max-image-preview:large","max-video-preview":"max-video-preview:-1"},"canonical":"https:\/\/bfshow.com.br\/es\/pequenas-e-medias-empresas-marcam-presenca-na-maior-feira-de-calcados-do-brasil\/","og_locale":"es_ES","og_type":"article","og_title":"Pequenas e m\u00e9dias empresas marcam presen\u00e7a na maior feira de cal\u00e7ados do Brasil - Brazilian Footwear Show","og_description":"O Brasil \u00e9 conhecido pela for\u00e7a de suas pequenas e m\u00e9dias empresas. Segundo dados do Sebrae, 95% das empresas do Brasil s\u00e3o pequenos neg\u00f3cios. S\u00e3o 22,6 milh\u00f5es de PMEs, que totalizam em m\u00e9dia R$ 20,26 milh\u00f5es em faturamento por ano. Elas tamb\u00e9m marcam presen\u00e7a no setor cal\u00e7adista: das 5,3 mil ind\u00fastrias de cal\u00e7ados do pa\u00eds, [&hellip;]","og_url":"https:\/\/bfshow.com.br\/es\/pequenas-e-medias-empresas-marcam-presenca-na-maior-feira-de-calcados-do-brasil\/","og_site_name":"Brazilian Footwear Show","article_publisher":"https:\/\/www.facebook.com\/bfshowoficial","article_published_time":"2024-06-10T17:06:29+00:00","article_modified_time":"2024-06-10T19:37:58+00:00","og_image":[{"width":2560,"height":1709,"url":"http:\/\/bfshow.com.br\/wp-content\/uploads\/2024\/06\/BFSHOW-4454-1-scaled.jpg","type":"image\/jpeg"}],"author":"imprensa2","twitter_card":"summary_large_image","twitter_misc":{"Escrito por":"imprensa2","Tiempo de lectura":"6 minutos"},"schema":{"@context":"https:\/\/schema.org","@graph":[{"@type":"Article","@id":"https:\/\/bfshow.com.br\/pequenas-e-medias-empresas-marcam-presenca-na-maior-feira-de-calcados-do-brasil\/#article","isPartOf":{"@id":"https:\/\/bfshow.com.br\/pequenas-e-medias-empresas-marcam-presenca-na-maior-feira-de-calcados-do-brasil\/"},"author":{"name":"imprensa2","@id":"https:\/\/bfshow.com.br\/#\/schema\/person\/d44405f1ebc626a2a9fc93e8772b53cd"},"headline":"Pequenas e m\u00e9dias empresas marcam presen\u00e7a na maior feira de cal\u00e7ados do Brasil","datePublished":"2024-06-10T17:06:29+00:00","dateModified":"2024-06-10T19:37:58+00:00","mainEntityOfPage":{"@id":"https:\/\/bfshow.com.br\/pequenas-e-medias-empresas-marcam-presenca-na-maior-feira-de-calcados-do-brasil\/"},"wordCount":1003,"commentCount":0,"publisher":{"@id":"https:\/\/bfshow.com.br\/#organization"},"articleSection":["Not\u00edcias"],"inLanguage":"es","potentialAction":[{"@type":"CommentAction","name":"Comment","target":["https:\/\/bfshow.com.br\/pequenas-e-medias-empresas-marcam-presenca-na-maior-feira-de-calcados-do-brasil\/#respond"]}]},{"@type":"WebPage","@id":"https:\/\/bfshow.com.br\/pequenas-e-medias-empresas-marcam-presenca-na-maior-feira-de-calcados-do-brasil\/","url":"https:\/\/bfshow.com.br\/pequenas-e-medias-empresas-marcam-presenca-na-maior-feira-de-calcados-do-brasil\/","name":"Pequenas e m\u00e9dias empresas marcam presen\u00e7a na maior feira de cal\u00e7ados do Brasil - Brazilian Footwear Show","isPartOf":{"@id":"https:\/\/bfshow.com.br\/#website"},"datePublished":"2024-06-10T17:06:29+00:00","dateModified":"2024-06-10T19:37:58+00:00","breadcrumb":{"@id":"https:\/\/bfshow.com.br\/pequenas-e-medias-empresas-marcam-presenca-na-maior-feira-de-calcados-do-brasil\/#breadcrumb"},"inLanguage":"es","potentialAction":[{"@type":"ReadAction","target":["https:\/\/bfshow.com.br\/pequenas-e-medias-empresas-marcam-presenca-na-maior-feira-de-calcados-do-brasil\/"]}]},{"@type":"BreadcrumbList","@id":"https:\/\/bfshow.com.br\/pequenas-e-medias-empresas-marcam-presenca-na-maior-feira-de-calcados-do-brasil\/#breadcrumb","itemListElement":[{"@type":"ListItem","position":1,"name":"In\u00edcio","item":"https:\/\/bfshow.com.br\/"},{"@type":"ListItem","position":2,"name":"Pequenas e m\u00e9dias empresas marcam presen\u00e7a na maior feira de cal\u00e7ados do Brasil"}]},{"@type":"WebSite","@id":"https:\/\/bfshow.com.br\/#website","url":"https:\/\/bfshow.com.br\/","name":"Brazilian Footwear Show","description":"","publisher":{"@id":"https:\/\/bfshow.com.br\/#organization"},"potentialAction":[{"@type":"SearchAction","target":{"@type":"EntryPoint","urlTemplate":"https:\/\/bfshow.com.br\/?s={search_term_string}"},"query-input":"required name=search_term_string"}],"inLanguage":"es"},{"@type":"Organization","@id":"https:\/\/bfshow.com.br\/#organization","name":"Brazilian Footwear Show","url":"https:\/\/bfshow.com.br\/","logo":{"@type":"ImageObject","inLanguage":"es","@id":"https:\/\/bfshow.com.br\/#\/schema\/logo\/image\/","url":"https:\/\/bfshow.com.br\/wp-content\/uploads\/2022\/11\/logo-light.png","contentUrl":"https:\/\/bfshow.com.br\/wp-content\/uploads\/2022\/11\/logo-light.png","width":1625,"height":322,"caption":"Brazilian Footwear Show"},"image":{"@id":"https:\/\/bfshow.com.br\/#\/schema\/logo\/image\/"},"sameAs":["https:\/\/www.facebook.com\/bfshowoficial","https:\/\/www.instagram.com\/bfshowoficial\/","https:\/\/www.linkedin.com\/company\/bfshowoficial\/?viewAsMember=true"]},{"@type":"Person","@id":"https:\/\/bfshow.com.br\/#\/schema\/person\/d44405f1ebc626a2a9fc93e8772b53cd","name":"imprensa2","image":{"@type":"ImageObject","inLanguage":"es","@id":"https:\/\/bfshow.com.br\/#\/schema\/person\/image\/","url":"https:\/\/bfshow.com.br\/wp-content\/litespeed\/avatar\/06b160efa5bc93c875b7383b163c3c62.jpg?ver=1776965902","contentUrl":"https:\/\/bfshow.com.br\/wp-content\/litespeed\/avatar\/06b160efa5bc93c875b7383b163c3c62.jpg?ver=1776965902","caption":"imprensa2"},"url":"https:\/\/bfshow.com.br\/es\/author\/imprensa2\/"}]}},"_links":{"self":[{"href":"https:\/\/bfshow.com.br\/es\/wp-json\/wp\/v2\/posts\/8861","targetHints":{"allow":["GET"]}}],"collection":[{"href":"https:\/\/bfshow.com.br\/es\/wp-json\/wp\/v2\/posts"}],"about":[{"href":"https:\/\/bfshow.com.br\/es\/wp-json\/wp\/v2\/types\/post"}],"author":[{"embeddable":true,"href":"https:\/\/bfshow.com.br\/es\/wp-json\/wp\/v2\/users\/5"}],"replies":[{"embeddable":true,"href":"https:\/\/bfshow.com.br\/es\/wp-json\/wp\/v2\/comments?post=8861"}],"version-history":[{"count":2,"href":"https:\/\/bfshow.com.br\/es\/wp-json\/wp\/v2\/posts\/8861\/revisions"}],"predecessor-version":[{"id":8865,"href":"https:\/\/bfshow.com.br\/es\/wp-json\/wp\/v2\/posts\/8861\/revisions\/8865"}],"wp:featuredmedia":[{"embeddable":true,"href":"https:\/\/bfshow.com.br\/es\/wp-json\/wp\/v2\/media\/8863"}],"wp:attachment":[{"href":"https:\/\/bfshow.com.br\/es\/wp-json\/wp\/v2\/media?parent=8861"}],"wp:term":[{"taxonomy":"category","embeddable":true,"href":"https:\/\/bfshow.com.br\/es\/wp-json\/wp\/v2\/categories?post=8861"},{"taxonomy":"post_tag","embeddable":true,"href":"https:\/\/bfshow.com.br\/es\/wp-json\/wp\/v2\/tags?post=8861"}],"curies":[{"name":"wp","href":"https:\/\/api.w.org\/{rel}","templated":true}]}}