{"id":8694,"date":"2024-05-22T22:01:18","date_gmt":"2024-05-22T22:01:18","guid":{"rendered":"https:\/\/bfshow.com.br\/?p=8694"},"modified":"2024-05-22T22:01:40","modified_gmt":"2024-05-22T22:01:40","slug":"falcao-marca-presenca-na-bfshow-para-o-lancamento-da-nova-colecao-de-chuteiras-da-topper","status":"publish","type":"post","link":"https:\/\/bfshow.com.br\/es\/falcao-marca-presenca-na-bfshow-para-o-lancamento-da-nova-colecao-de-chuteiras-da-topper\/","title":{"rendered":"Falc\u00e3o est\u00e1 presente en BFSHOW para el lanzamiento de la nueva colecci\u00f3n de botines Topper"},"content":{"rendered":"<p>El ex jugador de futsal Falc\u00e3o visit\u00f3 el stand de Topper, marca brasile\u00f1a de botines de f\u00fatbol, \u200b\u200beste mi\u00e9rcoles (22), en el segundo d\u00eda de BFSHOW. El evento, la mayor feria del sector calzados del pa\u00eds, comenz\u00f3 este martes (21\/05) y se extender\u00e1 hasta el jueves (23\/5), en Transamerica Expo Center.<\/p>\n\n\n\n<p>Durante la visita, el exjugador salud\u00f3 al p\u00fablico y se tom\u00f3 fotograf\u00edas con los aficionados. Falc\u00e3o es embajador de la marca, que incluso tiene los botines avalados por el rey, ya que es la favorita del ex deportista, la MAESTRO PRO. \u201cEstoy muy feliz de ser parte de Topper, una marca que ve no s\u00f3lo el f\u00fatbol masculino, sino tambi\u00e9n el f\u00fatbol femenino\u201d, afirm\u00f3 la estrella del futsal. En BFSHOW se presentaron nuevos botines para ambos p\u00fablicos, incluidos calzados que pueden usarse tanto para jugar al f\u00fatbol como para la vida cotidiana.&nbsp;<\/p>\n\n\n\n<p>Los nuevos modelos llegan a las tiendas en julio. Falc\u00e3o, considerado el mejor jugador de la historia del futsal mundial, estuvo en el evento junto a Kaynan Andrade, conocido como Meia Trocada, quien juega en el equipo juvenil de futsal de Santos y tambi\u00e9n es embajador de la marca.&nbsp;<\/p>\n\n\n\n<p><strong>INFORMACI\u00d3N:<\/strong><\/p>\n\n\n\n<p><strong>BFSHOW tiene lugar hasta el 23 de mayo de 2024<\/strong>en Transamerica Expo Center de S\u00e3o Paulo.<a href=\"https:\/\/credenciamento.bfshow.com.br\/es\/credenciamento-bfshow\"> Haga su credencial aqu\u00ed,<\/a>&nbsp; es gratis, para visitar el evento y aprovechar las mejores oportunidades en la mayor feria de calzados de Brasil.<\/p>\n\n\n\n<p><strong>Acerca de Abical\u00e7ados<\/strong><\/p>\n\n\n\n<p>La Abical\u00e7ados es la entidad que representa la industria nacional, quinta m\u00e1s grande productora de calzados en el mundo, la m\u00e1s grande del Occidente. Creada en 1983, la Abical\u00e7ados, con sede en Novo Hamburgo\/RS, posee en su cuadro de asociados empresas de todos los portes y que correspondan a 65% del total de pares producidos en el pa\u00eds.  La entidad representa una industria que emplea, directamente, m\u00e1s de 300 mil personas. Su misi\u00f3n es representar, defender, desarrollar y promover la industria de calzados brasile\u00f1a, con respeto, excelencia y resultados.<\/p>\n\n\n\n<p><strong>Acerca de N\u00fcrnbergMesse Brasil<\/strong><\/p>\n\n\n\n<p>N\u00fcrnbergMesse Brasil es una subsidiaria del Grupo N\u00fcrnbergMesse, una de las 15 principales empresas internacionales de organizaci\u00f3n de eventos en el mundo. El grupo tiene un portafolio con m\u00e1s de 120 ferias y congresos internacionales (14 de ellos en Brasil) y m\u00e1s de 40 pabellones. Anualmente, participan en los eventos organizados por N\u00fcrnbergMesse alrededor de 30,000 expositores y m\u00e1s de 1.5 millones de visitantes. La empresa est\u00e1 presente a trav\u00e9s de sus subsidiarias en China, Estados Unidos, Brasil, Grecia, Italia e India. El grupo tambi\u00e9n tiene una red con unos 50 representantes que operan en m\u00e1s de 116 pa\u00edses.<\/p>","protected":false},"excerpt":{"rendered":"<p>O ex-jogador de futsal Falc\u00e3o visitou o estande da Topper, marca brasileira de chuteiras, nesta quarta-feira, (22), no segundo dia da BFSHOW. O evento, maior feira do setor cal\u00e7adista do pa\u00eds, come\u00e7ou nesta ter\u00e7a-feira (21\/05) e vai at\u00e9 quinta (23\/5), no Transamerica Expo Center. Durante a visita, o ex-jogador cumprimentou o p\u00fablico e tirou fotos [&hellip;]<\/p>\n","protected":false},"author":5,"featured_media":8696,"comment_status":"open","ping_status":"open","sticky":false,"template":"","format":"standard","meta":{"footnotes":""},"categories":[11],"tags":[],"class_list":["post-8694","post","type-post","status-publish","format-standard","has-post-thumbnail","hentry","category-noticias-brasil"],"yoast_head":"<!-- This site is optimized with the Yoast SEO Premium plugin v26.2 (Yoast SEO v21.3) - https:\/\/yoast.com\/wordpress\/plugins\/seo\/ -->\n<title>Falc\u00e3o marca presen\u00e7a na BFSHOW para o lan\u00e7amento da nova cole\u00e7\u00e3o de chuteiras da Topper - Brazilian Footwear Show<\/title>\n<meta name=\"robots\" content=\"index, follow, max-snippet:-1, max-image-preview:large, max-video-preview:-1\" \/>\n<link rel=\"canonical\" href=\"https:\/\/bfshow.com.br\/es\/falcao-marca-presenca-na-bfshow-para-o-lancamento-da-nova-colecao-de-chuteiras-da-topper\/\" \/>\n<meta property=\"og:locale\" content=\"es_ES\" \/>\n<meta property=\"og:type\" content=\"article\" \/>\n<meta property=\"og:title\" content=\"Falc\u00e3o marca presen\u00e7a na BFSHOW para o lan\u00e7amento da nova cole\u00e7\u00e3o de chuteiras da Topper - Brazilian Footwear Show\" \/>\n<meta property=\"og:description\" content=\"O ex-jogador de futsal Falc\u00e3o visitou o estande da Topper, marca brasileira de chuteiras, nesta quarta-feira, (22), no segundo dia da BFSHOW. O evento, maior feira do setor cal\u00e7adista do pa\u00eds, come\u00e7ou nesta ter\u00e7a-feira (21\/05) e vai at\u00e9 quinta (23\/5), no Transamerica Expo Center. Durante a visita, o ex-jogador cumprimentou o p\u00fablico e tirou fotos [&hellip;]\" \/>\n<meta property=\"og:url\" content=\"https:\/\/bfshow.com.br\/es\/falcao-marca-presenca-na-bfshow-para-o-lancamento-da-nova-colecao-de-chuteiras-da-topper\/\" \/>\n<meta property=\"og:site_name\" content=\"Brazilian Footwear Show\" \/>\n<meta property=\"article:publisher\" content=\"https:\/\/www.facebook.com\/bfshowoficial\" \/>\n<meta property=\"article:published_time\" content=\"2024-05-22T22:01:18+00:00\" \/>\n<meta property=\"article:modified_time\" content=\"2024-05-22T22:01:40+00:00\" \/>\n<meta property=\"og:image\" content=\"http:\/\/bfshow.com.br\/wp-content\/uploads\/2024\/05\/BFSHOW-4156-scaled.jpg\" \/>\n\t<meta property=\"og:image:width\" content=\"2560\" \/>\n\t<meta property=\"og:image:height\" content=\"1709\" \/>\n\t<meta property=\"og:image:type\" content=\"image\/jpeg\" \/>\n<meta name=\"author\" content=\"imprensa2\" \/>\n<meta name=\"twitter:card\" content=\"summary_large_image\" \/>\n<meta name=\"twitter:label1\" content=\"Escrito por\" \/>\n\t<meta name=\"twitter:data1\" content=\"imprensa2\" \/>\n\t<meta name=\"twitter:label2\" content=\"Tiempo de lectura\" \/>\n\t<meta name=\"twitter:data2\" content=\"3 minutos\" \/>\n<script type=\"application\/ld+json\" class=\"yoast-schema-graph\">{\"@context\":\"https:\/\/schema.org\",\"@graph\":[{\"@type\":\"Article\",\"@id\":\"https:\/\/bfshow.com.br\/falcao-marca-presenca-na-bfshow-para-o-lancamento-da-nova-colecao-de-chuteiras-da-topper\/#article\",\"isPartOf\":{\"@id\":\"https:\/\/bfshow.com.br\/falcao-marca-presenca-na-bfshow-para-o-lancamento-da-nova-colecao-de-chuteiras-da-topper\/\"},\"author\":{\"name\":\"imprensa2\",\"@id\":\"https:\/\/bfshow.com.br\/#\/schema\/person\/d44405f1ebc626a2a9fc93e8772b53cd\"},\"headline\":\"Falc\u00e3o marca presen\u00e7a na BFSHOW para o lan\u00e7amento da nova cole\u00e7\u00e3o de chuteiras da Topper\",\"datePublished\":\"2024-05-22T22:01:18+00:00\",\"dateModified\":\"2024-05-22T22:01:40+00:00\",\"mainEntityOfPage\":{\"@id\":\"https:\/\/bfshow.com.br\/falcao-marca-presenca-na-bfshow-para-o-lancamento-da-nova-colecao-de-chuteiras-da-topper\/\"},\"wordCount\":450,\"commentCount\":0,\"publisher\":{\"@id\":\"https:\/\/bfshow.com.br\/#organization\"},\"articleSection\":[\"Not\u00edcias\"],\"inLanguage\":\"es\",\"potentialAction\":[{\"@type\":\"CommentAction\",\"name\":\"Comment\",\"target\":[\"https:\/\/bfshow.com.br\/falcao-marca-presenca-na-bfshow-para-o-lancamento-da-nova-colecao-de-chuteiras-da-topper\/#respond\"]}]},{\"@type\":\"WebPage\",\"@id\":\"https:\/\/bfshow.com.br\/falcao-marca-presenca-na-bfshow-para-o-lancamento-da-nova-colecao-de-chuteiras-da-topper\/\",\"url\":\"https:\/\/bfshow.com.br\/falcao-marca-presenca-na-bfshow-para-o-lancamento-da-nova-colecao-de-chuteiras-da-topper\/\",\"name\":\"Falc\u00e3o marca presen\u00e7a na BFSHOW para o lan\u00e7amento da nova cole\u00e7\u00e3o de chuteiras da Topper - Brazilian Footwear Show\",\"isPartOf\":{\"@id\":\"https:\/\/bfshow.com.br\/#website\"},\"datePublished\":\"2024-05-22T22:01:18+00:00\",\"dateModified\":\"2024-05-22T22:01:40+00:00\",\"breadcrumb\":{\"@id\":\"https:\/\/bfshow.com.br\/falcao-marca-presenca-na-bfshow-para-o-lancamento-da-nova-colecao-de-chuteiras-da-topper\/#breadcrumb\"},\"inLanguage\":\"es\",\"potentialAction\":[{\"@type\":\"ReadAction\",\"target\":[\"https:\/\/bfshow.com.br\/falcao-marca-presenca-na-bfshow-para-o-lancamento-da-nova-colecao-de-chuteiras-da-topper\/\"]}]},{\"@type\":\"BreadcrumbList\",\"@id\":\"https:\/\/bfshow.com.br\/falcao-marca-presenca-na-bfshow-para-o-lancamento-da-nova-colecao-de-chuteiras-da-topper\/#breadcrumb\",\"itemListElement\":[{\"@type\":\"ListItem\",\"position\":1,\"name\":\"In\u00edcio\",\"item\":\"https:\/\/bfshow.com.br\/\"},{\"@type\":\"ListItem\",\"position\":2,\"name\":\"Falc\u00e3o marca presen\u00e7a na BFSHOW para o lan\u00e7amento da nova cole\u00e7\u00e3o de chuteiras da Topper\"}]},{\"@type\":\"WebSite\",\"@id\":\"https:\/\/bfshow.com.br\/#website\",\"url\":\"https:\/\/bfshow.com.br\/\",\"name\":\"Brazilian Footwear Show\",\"description\":\"\",\"publisher\":{\"@id\":\"https:\/\/bfshow.com.br\/#organization\"},\"potentialAction\":[{\"@type\":\"SearchAction\",\"target\":{\"@type\":\"EntryPoint\",\"urlTemplate\":\"https:\/\/bfshow.com.br\/?s={search_term_string}\"},\"query-input\":\"required name=search_term_string\"}],\"inLanguage\":\"es\"},{\"@type\":\"Organization\",\"@id\":\"https:\/\/bfshow.com.br\/#organization\",\"name\":\"Brazilian Footwear Show\",\"url\":\"https:\/\/bfshow.com.br\/\",\"logo\":{\"@type\":\"ImageObject\",\"inLanguage\":\"es\",\"@id\":\"https:\/\/bfshow.com.br\/#\/schema\/logo\/image\/\",\"url\":\"https:\/\/bfshow.com.br\/wp-content\/uploads\/2022\/11\/logo-light.png\",\"contentUrl\":\"https:\/\/bfshow.com.br\/wp-content\/uploads\/2022\/11\/logo-light.png\",\"width\":1625,\"height\":322,\"caption\":\"Brazilian Footwear Show\"},\"image\":{\"@id\":\"https:\/\/bfshow.com.br\/#\/schema\/logo\/image\/\"},\"sameAs\":[\"https:\/\/www.facebook.com\/bfshowoficial\",\"https:\/\/www.instagram.com\/bfshowoficial\/\",\"https:\/\/www.linkedin.com\/company\/bfshowoficial\/?viewAsMember=true\"]},{\"@type\":\"Person\",\"@id\":\"https:\/\/bfshow.com.br\/#\/schema\/person\/d44405f1ebc626a2a9fc93e8772b53cd\",\"name\":\"imprensa2\",\"image\":{\"@type\":\"ImageObject\",\"inLanguage\":\"es\",\"@id\":\"https:\/\/bfshow.com.br\/#\/schema\/person\/image\/\",\"url\":\"https:\/\/bfshow.com.br\/wp-content\/litespeed\/avatar\/06b160efa5bc93c875b7383b163c3c62.jpg?ver=1776965902\",\"contentUrl\":\"https:\/\/bfshow.com.br\/wp-content\/litespeed\/avatar\/06b160efa5bc93c875b7383b163c3c62.jpg?ver=1776965902\",\"caption\":\"imprensa2\"},\"url\":\"https:\/\/bfshow.com.br\/es\/author\/imprensa2\/\"}]}<\/script>\n<!-- \/ Yoast SEO Premium plugin. -->","yoast_head_json":{"title":"Falc\u00e3o marca presen\u00e7a na BFSHOW para o lan\u00e7amento da nova cole\u00e7\u00e3o de chuteiras da Topper - Brazilian Footwear Show","robots":{"index":"index","follow":"follow","max-snippet":"max-snippet:-1","max-image-preview":"max-image-preview:large","max-video-preview":"max-video-preview:-1"},"canonical":"https:\/\/bfshow.com.br\/es\/falcao-marca-presenca-na-bfshow-para-o-lancamento-da-nova-colecao-de-chuteiras-da-topper\/","og_locale":"es_ES","og_type":"article","og_title":"Falc\u00e3o marca presen\u00e7a na BFSHOW para o lan\u00e7amento da nova cole\u00e7\u00e3o de chuteiras da Topper - Brazilian Footwear Show","og_description":"O ex-jogador de futsal Falc\u00e3o visitou o estande da Topper, marca brasileira de chuteiras, nesta quarta-feira, (22), no segundo dia da BFSHOW. O evento, maior feira do setor cal\u00e7adista do pa\u00eds, come\u00e7ou nesta ter\u00e7a-feira (21\/05) e vai at\u00e9 quinta (23\/5), no Transamerica Expo Center. Durante a visita, o ex-jogador cumprimentou o p\u00fablico e tirou fotos [&hellip;]","og_url":"https:\/\/bfshow.com.br\/es\/falcao-marca-presenca-na-bfshow-para-o-lancamento-da-nova-colecao-de-chuteiras-da-topper\/","og_site_name":"Brazilian Footwear Show","article_publisher":"https:\/\/www.facebook.com\/bfshowoficial","article_published_time":"2024-05-22T22:01:18+00:00","article_modified_time":"2024-05-22T22:01:40+00:00","og_image":[{"width":2560,"height":1709,"url":"http:\/\/bfshow.com.br\/wp-content\/uploads\/2024\/05\/BFSHOW-4156-scaled.jpg","type":"image\/jpeg"}],"author":"imprensa2","twitter_card":"summary_large_image","twitter_misc":{"Escrito por":"imprensa2","Tiempo de lectura":"3 minutos"},"schema":{"@context":"https:\/\/schema.org","@graph":[{"@type":"Article","@id":"https:\/\/bfshow.com.br\/falcao-marca-presenca-na-bfshow-para-o-lancamento-da-nova-colecao-de-chuteiras-da-topper\/#article","isPartOf":{"@id":"https:\/\/bfshow.com.br\/falcao-marca-presenca-na-bfshow-para-o-lancamento-da-nova-colecao-de-chuteiras-da-topper\/"},"author":{"name":"imprensa2","@id":"https:\/\/bfshow.com.br\/#\/schema\/person\/d44405f1ebc626a2a9fc93e8772b53cd"},"headline":"Falc\u00e3o marca presen\u00e7a na BFSHOW para o lan\u00e7amento da nova cole\u00e7\u00e3o de chuteiras da Topper","datePublished":"2024-05-22T22:01:18+00:00","dateModified":"2024-05-22T22:01:40+00:00","mainEntityOfPage":{"@id":"https:\/\/bfshow.com.br\/falcao-marca-presenca-na-bfshow-para-o-lancamento-da-nova-colecao-de-chuteiras-da-topper\/"},"wordCount":450,"commentCount":0,"publisher":{"@id":"https:\/\/bfshow.com.br\/#organization"},"articleSection":["Not\u00edcias"],"inLanguage":"es","potentialAction":[{"@type":"CommentAction","name":"Comment","target":["https:\/\/bfshow.com.br\/falcao-marca-presenca-na-bfshow-para-o-lancamento-da-nova-colecao-de-chuteiras-da-topper\/#respond"]}]},{"@type":"WebPage","@id":"https:\/\/bfshow.com.br\/falcao-marca-presenca-na-bfshow-para-o-lancamento-da-nova-colecao-de-chuteiras-da-topper\/","url":"https:\/\/bfshow.com.br\/falcao-marca-presenca-na-bfshow-para-o-lancamento-da-nova-colecao-de-chuteiras-da-topper\/","name":"Falc\u00e3o marca presen\u00e7a na BFSHOW para o lan\u00e7amento da nova cole\u00e7\u00e3o de chuteiras da Topper - Brazilian Footwear Show","isPartOf":{"@id":"https:\/\/bfshow.com.br\/#website"},"datePublished":"2024-05-22T22:01:18+00:00","dateModified":"2024-05-22T22:01:40+00:00","breadcrumb":{"@id":"https:\/\/bfshow.com.br\/falcao-marca-presenca-na-bfshow-para-o-lancamento-da-nova-colecao-de-chuteiras-da-topper\/#breadcrumb"},"inLanguage":"es","potentialAction":[{"@type":"ReadAction","target":["https:\/\/bfshow.com.br\/falcao-marca-presenca-na-bfshow-para-o-lancamento-da-nova-colecao-de-chuteiras-da-topper\/"]}]},{"@type":"BreadcrumbList","@id":"https:\/\/bfshow.com.br\/falcao-marca-presenca-na-bfshow-para-o-lancamento-da-nova-colecao-de-chuteiras-da-topper\/#breadcrumb","itemListElement":[{"@type":"ListItem","position":1,"name":"In\u00edcio","item":"https:\/\/bfshow.com.br\/"},{"@type":"ListItem","position":2,"name":"Falc\u00e3o marca presen\u00e7a na BFSHOW para o lan\u00e7amento da nova cole\u00e7\u00e3o de chuteiras da Topper"}]},{"@type":"WebSite","@id":"https:\/\/bfshow.com.br\/#website","url":"https:\/\/bfshow.com.br\/","name":"Brazilian Footwear Show","description":"","publisher":{"@id":"https:\/\/bfshow.com.br\/#organization"},"potentialAction":[{"@type":"SearchAction","target":{"@type":"EntryPoint","urlTemplate":"https:\/\/bfshow.com.br\/?s={search_term_string}"},"query-input":"required name=search_term_string"}],"inLanguage":"es"},{"@type":"Organization","@id":"https:\/\/bfshow.com.br\/#organization","name":"Brazilian Footwear Show","url":"https:\/\/bfshow.com.br\/","logo":{"@type":"ImageObject","inLanguage":"es","@id":"https:\/\/bfshow.com.br\/#\/schema\/logo\/image\/","url":"https:\/\/bfshow.com.br\/wp-content\/uploads\/2022\/11\/logo-light.png","contentUrl":"https:\/\/bfshow.com.br\/wp-content\/uploads\/2022\/11\/logo-light.png","width":1625,"height":322,"caption":"Brazilian Footwear Show"},"image":{"@id":"https:\/\/bfshow.com.br\/#\/schema\/logo\/image\/"},"sameAs":["https:\/\/www.facebook.com\/bfshowoficial","https:\/\/www.instagram.com\/bfshowoficial\/","https:\/\/www.linkedin.com\/company\/bfshowoficial\/?viewAsMember=true"]},{"@type":"Person","@id":"https:\/\/bfshow.com.br\/#\/schema\/person\/d44405f1ebc626a2a9fc93e8772b53cd","name":"imprensa2","image":{"@type":"ImageObject","inLanguage":"es","@id":"https:\/\/bfshow.com.br\/#\/schema\/person\/image\/","url":"https:\/\/bfshow.com.br\/wp-content\/litespeed\/avatar\/06b160efa5bc93c875b7383b163c3c62.jpg?ver=1776965902","contentUrl":"https:\/\/bfshow.com.br\/wp-content\/litespeed\/avatar\/06b160efa5bc93c875b7383b163c3c62.jpg?ver=1776965902","caption":"imprensa2"},"url":"https:\/\/bfshow.com.br\/es\/author\/imprensa2\/"}]}},"_links":{"self":[{"href":"https:\/\/bfshow.com.br\/es\/wp-json\/wp\/v2\/posts\/8694","targetHints":{"allow":["GET"]}}],"collection":[{"href":"https:\/\/bfshow.com.br\/es\/wp-json\/wp\/v2\/posts"}],"about":[{"href":"https:\/\/bfshow.com.br\/es\/wp-json\/wp\/v2\/types\/post"}],"author":[{"embeddable":true,"href":"https:\/\/bfshow.com.br\/es\/wp-json\/wp\/v2\/users\/5"}],"replies":[{"embeddable":true,"href":"https:\/\/bfshow.com.br\/es\/wp-json\/wp\/v2\/comments?post=8694"}],"version-history":[{"count":1,"href":"https:\/\/bfshow.com.br\/es\/wp-json\/wp\/v2\/posts\/8694\/revisions"}],"predecessor-version":[{"id":8697,"href":"https:\/\/bfshow.com.br\/es\/wp-json\/wp\/v2\/posts\/8694\/revisions\/8697"}],"wp:featuredmedia":[{"embeddable":true,"href":"https:\/\/bfshow.com.br\/es\/wp-json\/wp\/v2\/media\/8696"}],"wp:attachment":[{"href":"https:\/\/bfshow.com.br\/es\/wp-json\/wp\/v2\/media?parent=8694"}],"wp:term":[{"taxonomy":"category","embeddable":true,"href":"https:\/\/bfshow.com.br\/es\/wp-json\/wp\/v2\/categories?post=8694"},{"taxonomy":"post_tag","embeddable":true,"href":"https:\/\/bfshow.com.br\/es\/wp-json\/wp\/v2\/tags?post=8694"}],"curies":[{"name":"wp","href":"https:\/\/api.w.org\/{rel}","templated":true}]}}