{"id":5284,"date":"2023-10-09T18:49:39","date_gmt":"2023-10-09T18:49:39","guid":{"rendered":"https:\/\/bfshow.com.br\/?p=5284"},"modified":"2023-10-09T18:55:41","modified_gmt":"2023-10-09T18:55:41","slug":"feira-de-calcados-bfshow-tera-mais-de-100-marcas-exclusivas","status":"publish","type":"post","link":"https:\/\/bfshow.com.br\/es\/feira-de-calcados-bfshow-tera-mais-de-100-marcas-exclusivas\/","title":{"rendered":"La Feria de Calzado BFSHOW contar\u00e1 con m\u00e1s de 100 marcas exclusivas\u00a0\u00a0"},"content":{"rendered":"<p>Creada para ser la principal feria de calzado de Brasil, reuniendo a todos los polos y segmentos de la industria, la Brazilian Footwear Show - BFSHOW, anunci\u00f3 que, a menos de 60 d\u00edas de su apertura, ya se han vendido el 96% de los espacios de exhibici\u00f3n, con la presencia de las principales marcas del pa\u00eds. De las marcas confirmadas, m\u00e1s de 100 estar\u00e1n exclusivamente en BFSHOW en Porto Alegre, R\u00edo Grande do Sul. La feria, promovida por la Asociaci\u00f3n Brasile\u00f1a de Industrias de Calzado (Abical\u00e7ados) y operada por N\u00fcrnbergMesse Brasil, llevar\u00e1 a cabo su primera edici\u00f3n del 21 al 23 de noviembre en el Centro de Eventos FIERGS de la capital estatal.&nbsp;<\/p>\n\n\n\n<p>Una de las principales empresas confirmadas exclusivamente para BFSHOW es Vulcabras, de Parob\u00e9, R\u00edo Grande do Sul. Seg\u00fan el CEO del grupo, Pedro Bartelle, la elecci\u00f3n de la feria es estrat\u00e9gica para fortalecer el sector del calzado brasile\u00f1o. \"Vulcabras comprende la importancia de posicionar a Brasil, la tecnolog\u00eda y la innovaci\u00f3n en el sector del calzado brasile\u00f1o. Es una oportunidad para discutir nuevamente la importancia de la industria de calzado m\u00e1s grande fuera de Asia, una de las m\u00e1s sostenibles del mundo\", comenta.&nbsp;&nbsp;<\/p>\n\n\n\n<p>PG4 Galleria, un fabricante de calzado masculino de alto valor agregado en Franca, S\u00e3o Paulo, tambi\u00e9n ha asegurado su presencia exclusivamente en BFSHOW. El director de la empresa, Giuliano Spinelli, enfatiza que las principales marcas de cada segmento estar\u00e1n en la feria, posicion\u00e1ndola como la feria de negocios m\u00e1s importante y atractiva del sector en Brasil. \"El enfoque estar\u00e1 en los negocios, por lo que los minoristas o importadores que asistan al evento estar\u00e1n en el lugar adecuado para su abastecimiento, ya que encontrar\u00e1n las principales marcas de todos los nichos, segmentos y regiones\", eval\u00faa.&nbsp;&nbsp;<\/p>\n\n\n\n<p>Representando a un segmento que estar\u00e1 casi en su totalidad en BFSHOW, Carlos Mestriner, director de Klin, destaca que la feria contar\u00e1 con lo mejor del calzado infantil brasile\u00f1o. \"Estamos seguros de que veremos negocios de calidad en una feria \u00fanica preparada para posicionar a Brasil como uno de los principales <em>actores <\/em>mundiales en el sector\", enfatiza.&nbsp;&nbsp;<\/p>\n\n\n\n<p>Del segmento de calzado femenino c\u00f3modo, Sergio Bocayuva, CEO de Usaflex, es otro entusiasta del evento. \"En un mundo de constantes transformaciones, el sector del calzado parece tener un gran potencial de evoluci\u00f3n. Para esto, necesitamos una feria nueva, un nuevo modelo de negocios en ferias comerciales. BFSHOW es la feria para empresarios de calzado brasile\u00f1os que quieren innovar, ofrecer un mejor servicio a sus clientes, crear conexiones profesionales de negocios y expandir sus horizontes\", dice.&nbsp;&nbsp;<\/p>\n\n\n\n<p><strong>Unidad en la Industria<\/strong>&nbsp;<\/p>\n\n\n\n<p>Haroldo Ferreira, presidente ejecutivo de Abical\u00e7ados, destaca que el \u00e9xito de BFSHOW es el resultado de la unidad del sector del calzado nacional, que en su mayor\u00eda comprende la importancia de tener una feria de renombre internacional que resultar\u00e1 en inversiones en el sector a trav\u00e9s de proyectos y no para una empresa privada. \"La prueba de esto es que m\u00e1s del 90% de las marcas que estar\u00e1n en BFSHOW estar\u00e1n exclusivamente con nosotros y no en ninguna otra feria. Sin duda, los compradores nacionales e internacionales que asistan a la feria quedar\u00e1n satisfechos al encontrar las principales marcas de cada segmento en un entorno totalmente preparado para las transacciones comerciales. Ser\u00e1 un verdadero escaparate del calzado brasile\u00f1o\", comenta.&nbsp;&nbsp;<\/p>\n\n\n\n<p>Uno de los aspectos m\u00e1s destacados de la primera edici\u00f3n de BFSHOW es la unidad en apoyo al evento, con empresas que entienden que se trata de un esfuerzo conjunto para fortalecer la industria. Seg\u00fan Ferreira, BFSHOW es un momento que marca la historia de la industria del calzado. \"En m\u00e1s de 130 a\u00f1os de producci\u00f3n de calzado en Brasil, nunca hemos tenido una feria organizada por los propios empresarios y centrada completamente en los negocios y la transparencia. Estamos viviendo un momento hist\u00f3rico de unidad para fortalecer todo el sector. Contamos con el apoyo de 16 sindicatos de la industria del calzado de todo Brasil, adem\u00e1s de la Agencia Brasile\u00f1a de Promoci\u00f3n de Exportaciones e Inversiones (ApexBrasil), que es nuestro socio oficial\", dice. ApexBrasil es uno de los patrocinadores del Proyecto Comprador de BFSHOW, que traer\u00e1 a m\u00e1s de 100 compradores internacionales de todos los continentes.&nbsp;<\/p>\n\n\n\n<p><strong>Un Nuevo Modelo de Ferias en Brasil<\/strong>\u00a0<br>N\u00fcrnbergMesse Brasil, la empresa promotora asociada al Grupo alem\u00e1n N\u00fcrnbergMesse responsable de la organizaci\u00f3n de BFSHOW, informa que se espera que m\u00e1s de 10,000 compradores visiten la primera edici\u00f3n de la feria de calzado. \"BFSHOW ya ha sido un \u00e9xito desde su anuncio. Siguiendo una tendencia internacional de las principales ferias, como Micam Milano, que es promovida por la asociaci\u00f3n de calzado italiana, la feria fue creada por el mercado y para el mercado, canalizando recursos para reinvertir en el sector a trav\u00e9s de su asociaci\u00f3n gremial. Es un nuevo modelo de ferias de calzado que est\u00e1 surgiendo en Brasil\", comenta el CEO de N\u00fcrnbergMesse Brasil, Jo\u00e3o Paulo Picolo.\u00a0<\/p>\n\n\n\n<p>La inscripci\u00f3n para la primera edici\u00f3n de BFSHOW est\u00e1 abierta en el sitio web <a href=\"https:\/\/bfshow.com.br\/es\/\" target=\"_blank\" rel=\"noreferrer noopener\">https:\/\/bfshow.com.br\/es<\/a>, donde se pueden encontrar las marcas confirmadas y otra informaci\u00f3n sobre el evento.&nbsp;&nbsp;<\/p>\n\n\n\n<p><strong>Acerca de Abical\u00e7ados<\/strong>&nbsp;<\/p>\n\n\n\n<p>La Abical\u00e7ados es la entidad que representa la industria nacional, quinta m\u00e1s grande productora de calzados en el mundo, la m\u00e1s grande del Occidente. Creada en 1983, la Abical\u00e7ados, con sede en Novo Hamburgo\/RS, posee en su cuadro de asociados empresas de todos los portes y que correspondan a 65% del total de pares producidos en el pa\u00eds.  La entidad representa una industria que emplea, directamente, m\u00e1s de 300 mil personas. Su misi\u00f3n es representar, defender, desarrollar y promover la industria de calzados brasile\u00f1a, con respeto, excelencia y resultados.&nbsp;<\/p>\n\n\n\n<p><strong>Acerca de la operadora<\/strong>&nbsp;<\/p>\n\n\n\n<p>N\u00fcrnbergMesse Brasil es una subsidiaria del Grupo N\u00fcrnbergMesse, una de las 15 principales empresas internacionales de organizaci\u00f3n de eventos en el mundo. El grupo tiene un portafolio con m\u00e1s de 120 ferias y congresos internacionales (14 de ellos en Brasil) y m\u00e1s de 40 pabellones. Anualmente, participan en los eventos organizados por N\u00fcrnbergMesse alrededor de 30,000 expositores y m\u00e1s de 1.5 millones de visitantes. La empresa est\u00e1 presente a trav\u00e9s de sus subsidiarias en China, Estados Unidos, Brasil, Grecia, Italia e India. El grupo tambi\u00e9n tiene una red con unos 50 representantes que operan en m\u00e1s de 116 pa\u00edses.&nbsp;<\/p>","protected":false},"excerpt":{"rendered":"<p>Criada para ser a principal feira de cal\u00e7ados do Brasil, reunindo todos os polos e segmentos do setor, a Brazilian Footwear Show &#8211; BFSHOW anuncia que, h\u00e1 pouco menos de 60 dias da sua inaugura\u00e7\u00e3o, est\u00e1 com 96% dos espa\u00e7os de exposi\u00e7\u00e3o comercializados com a presen\u00e7a das principais marcas do Pa\u00eds. Das marcas confirmadas, mais [&hellip;]<\/p>\n","protected":false},"author":1,"featured_media":5286,"comment_status":"open","ping_status":"open","sticky":false,"template":"","format":"standard","meta":{"footnotes":""},"categories":[11],"tags":[],"class_list":["post-5284","post","type-post","status-publish","format-standard","has-post-thumbnail","hentry","category-noticias-brasil"],"yoast_head":"<!-- This site is optimized with the Yoast SEO Premium plugin v26.2 (Yoast SEO v21.3) - https:\/\/yoast.com\/wordpress\/plugins\/seo\/ -->\n<title>Feira de cal\u00e7ados BFSHOW ter\u00e1 mais de 100 marcas exclusivas\u00a0\u00a0 - Brazilian Footwear Show<\/title>\n<meta name=\"robots\" content=\"index, follow, max-snippet:-1, max-image-preview:large, max-video-preview:-1\" \/>\n<link rel=\"canonical\" href=\"https:\/\/bfshow.com.br\/es\/feira-de-calcados-bfshow-tera-mais-de-100-marcas-exclusivas\/\" \/>\n<meta property=\"og:locale\" content=\"es_ES\" \/>\n<meta property=\"og:type\" content=\"article\" \/>\n<meta property=\"og:title\" content=\"Feira de cal\u00e7ados BFSHOW ter\u00e1 mais de 100 marcas exclusivas\u00a0\u00a0 - Brazilian Footwear Show\" \/>\n<meta property=\"og:description\" content=\"Criada para ser a principal feira de cal\u00e7ados do Brasil, reunindo todos os polos e segmentos do setor, a Brazilian Footwear Show &#8211; BFSHOW anuncia que, h\u00e1 pouco menos de 60 dias da sua inaugura\u00e7\u00e3o, est\u00e1 com 96% dos espa\u00e7os de exposi\u00e7\u00e3o comercializados com a presen\u00e7a das principais marcas do Pa\u00eds. Das marcas confirmadas, mais [&hellip;]\" \/>\n<meta property=\"og:url\" content=\"https:\/\/bfshow.com.br\/es\/feira-de-calcados-bfshow-tera-mais-de-100-marcas-exclusivas\/\" \/>\n<meta property=\"og:site_name\" content=\"Brazilian Footwear Show\" \/>\n<meta property=\"article:publisher\" content=\"https:\/\/www.facebook.com\/bfshowoficial\" \/>\n<meta property=\"article:published_time\" content=\"2023-10-09T18:49:39+00:00\" \/>\n<meta property=\"article:modified_time\" content=\"2023-10-09T18:55:41+00:00\" \/>\n<meta property=\"og:image\" content=\"http:\/\/bfshow.com.br\/wp-content\/uploads\/2023\/10\/CAMPANHA-BF32569-scaled.jpg\" \/>\n\t<meta property=\"og:image:width\" content=\"2560\" \/>\n\t<meta property=\"og:image:height\" content=\"1703\" \/>\n\t<meta property=\"og:image:type\" content=\"image\/jpeg\" \/>\n<meta name=\"author\" content=\"nurnbergmessebrasil\" \/>\n<meta name=\"twitter:card\" content=\"summary_large_image\" \/>\n<meta name=\"twitter:label1\" content=\"Escrito por\" \/>\n\t<meta name=\"twitter:data1\" content=\"nurnbergmessebrasil\" \/>\n\t<meta name=\"twitter:label2\" content=\"Tiempo de lectura\" \/>\n\t<meta name=\"twitter:data2\" content=\"6 minutos\" \/>\n<script type=\"application\/ld+json\" class=\"yoast-schema-graph\">{\"@context\":\"https:\/\/schema.org\",\"@graph\":[{\"@type\":\"Article\",\"@id\":\"https:\/\/bfshow.com.br\/feira-de-calcados-bfshow-tera-mais-de-100-marcas-exclusivas\/#article\",\"isPartOf\":{\"@id\":\"https:\/\/bfshow.com.br\/feira-de-calcados-bfshow-tera-mais-de-100-marcas-exclusivas\/\"},\"author\":{\"name\":\"nurnbergmessebrasil\",\"@id\":\"https:\/\/bfshow.com.br\/#\/schema\/person\/91b3d74ab1b78567d9dedbd288a71c0b\"},\"headline\":\"Feira de cal\u00e7ados BFSHOW ter\u00e1 mais de 100 marcas exclusivas\u00a0\u00a0\",\"datePublished\":\"2023-10-09T18:49:39+00:00\",\"dateModified\":\"2023-10-09T18:55:41+00:00\",\"mainEntityOfPage\":{\"@id\":\"https:\/\/bfshow.com.br\/feira-de-calcados-bfshow-tera-mais-de-100-marcas-exclusivas\/\"},\"wordCount\":1110,\"commentCount\":0,\"publisher\":{\"@id\":\"https:\/\/bfshow.com.br\/#organization\"},\"articleSection\":[\"Not\u00edcias\"],\"inLanguage\":\"es\",\"potentialAction\":[{\"@type\":\"CommentAction\",\"name\":\"Comment\",\"target\":[\"https:\/\/bfshow.com.br\/feira-de-calcados-bfshow-tera-mais-de-100-marcas-exclusivas\/#respond\"]}]},{\"@type\":\"WebPage\",\"@id\":\"https:\/\/bfshow.com.br\/feira-de-calcados-bfshow-tera-mais-de-100-marcas-exclusivas\/\",\"url\":\"https:\/\/bfshow.com.br\/feira-de-calcados-bfshow-tera-mais-de-100-marcas-exclusivas\/\",\"name\":\"Feira de cal\u00e7ados BFSHOW ter\u00e1 mais de 100 marcas exclusivas\u00a0\u00a0 - Brazilian Footwear Show\",\"isPartOf\":{\"@id\":\"https:\/\/bfshow.com.br\/#website\"},\"datePublished\":\"2023-10-09T18:49:39+00:00\",\"dateModified\":\"2023-10-09T18:55:41+00:00\",\"breadcrumb\":{\"@id\":\"https:\/\/bfshow.com.br\/feira-de-calcados-bfshow-tera-mais-de-100-marcas-exclusivas\/#breadcrumb\"},\"inLanguage\":\"es\",\"potentialAction\":[{\"@type\":\"ReadAction\",\"target\":[\"https:\/\/bfshow.com.br\/feira-de-calcados-bfshow-tera-mais-de-100-marcas-exclusivas\/\"]}]},{\"@type\":\"BreadcrumbList\",\"@id\":\"https:\/\/bfshow.com.br\/feira-de-calcados-bfshow-tera-mais-de-100-marcas-exclusivas\/#breadcrumb\",\"itemListElement\":[{\"@type\":\"ListItem\",\"position\":1,\"name\":\"In\u00edcio\",\"item\":\"https:\/\/bfshow.com.br\/\"},{\"@type\":\"ListItem\",\"position\":2,\"name\":\"Feira de cal\u00e7ados BFSHOW ter\u00e1 mais de 100 marcas exclusivas\u00a0\u00a0\"}]},{\"@type\":\"WebSite\",\"@id\":\"https:\/\/bfshow.com.br\/#website\",\"url\":\"https:\/\/bfshow.com.br\/\",\"name\":\"Brazilian Footwear Show\",\"description\":\"\",\"publisher\":{\"@id\":\"https:\/\/bfshow.com.br\/#organization\"},\"potentialAction\":[{\"@type\":\"SearchAction\",\"target\":{\"@type\":\"EntryPoint\",\"urlTemplate\":\"https:\/\/bfshow.com.br\/?s={search_term_string}\"},\"query-input\":\"required name=search_term_string\"}],\"inLanguage\":\"es\"},{\"@type\":\"Organization\",\"@id\":\"https:\/\/bfshow.com.br\/#organization\",\"name\":\"Brazilian Footwear Show\",\"url\":\"https:\/\/bfshow.com.br\/\",\"logo\":{\"@type\":\"ImageObject\",\"inLanguage\":\"es\",\"@id\":\"https:\/\/bfshow.com.br\/#\/schema\/logo\/image\/\",\"url\":\"https:\/\/bfshow.com.br\/wp-content\/uploads\/2022\/11\/logo-light.png\",\"contentUrl\":\"https:\/\/bfshow.com.br\/wp-content\/uploads\/2022\/11\/logo-light.png\",\"width\":1625,\"height\":322,\"caption\":\"Brazilian Footwear Show\"},\"image\":{\"@id\":\"https:\/\/bfshow.com.br\/#\/schema\/logo\/image\/\"},\"sameAs\":[\"https:\/\/www.facebook.com\/bfshowoficial\",\"https:\/\/www.instagram.com\/bfshowoficial\/\",\"https:\/\/www.linkedin.com\/company\/bfshowoficial\/?viewAsMember=true\"]},{\"@type\":\"Person\",\"@id\":\"https:\/\/bfshow.com.br\/#\/schema\/person\/91b3d74ab1b78567d9dedbd288a71c0b\",\"name\":\"nurnbergmessebrasil\",\"image\":{\"@type\":\"ImageObject\",\"inLanguage\":\"es\",\"@id\":\"https:\/\/bfshow.com.br\/#\/schema\/person\/image\/\",\"url\":\"https:\/\/bfshow.com.br\/wp-content\/litespeed\/avatar\/b88fcec8a87b2d46b9d23065bbe53140.jpg?ver=1777565676\",\"contentUrl\":\"https:\/\/bfshow.com.br\/wp-content\/litespeed\/avatar\/b88fcec8a87b2d46b9d23065bbe53140.jpg?ver=1777565676\",\"caption\":\"nurnbergmessebrasil\"},\"sameAs\":[\"http:\/\/bfshow.com.br\"],\"url\":\"https:\/\/bfshow.com.br\/es\/author\/nurnbergmessebrasil\/\"}]}<\/script>\n<!-- \/ Yoast SEO Premium plugin. -->","yoast_head_json":{"title":"Feira de cal\u00e7ados BFSHOW ter\u00e1 mais de 100 marcas exclusivas\u00a0\u00a0 - Brazilian Footwear Show","robots":{"index":"index","follow":"follow","max-snippet":"max-snippet:-1","max-image-preview":"max-image-preview:large","max-video-preview":"max-video-preview:-1"},"canonical":"https:\/\/bfshow.com.br\/es\/feira-de-calcados-bfshow-tera-mais-de-100-marcas-exclusivas\/","og_locale":"es_ES","og_type":"article","og_title":"Feira de cal\u00e7ados BFSHOW ter\u00e1 mais de 100 marcas exclusivas\u00a0\u00a0 - Brazilian Footwear Show","og_description":"Criada para ser a principal feira de cal\u00e7ados do Brasil, reunindo todos os polos e segmentos do setor, a Brazilian Footwear Show &#8211; BFSHOW anuncia que, h\u00e1 pouco menos de 60 dias da sua inaugura\u00e7\u00e3o, est\u00e1 com 96% dos espa\u00e7os de exposi\u00e7\u00e3o comercializados com a presen\u00e7a das principais marcas do Pa\u00eds. Das marcas confirmadas, mais [&hellip;]","og_url":"https:\/\/bfshow.com.br\/es\/feira-de-calcados-bfshow-tera-mais-de-100-marcas-exclusivas\/","og_site_name":"Brazilian Footwear Show","article_publisher":"https:\/\/www.facebook.com\/bfshowoficial","article_published_time":"2023-10-09T18:49:39+00:00","article_modified_time":"2023-10-09T18:55:41+00:00","og_image":[{"width":2560,"height":1703,"url":"http:\/\/bfshow.com.br\/wp-content\/uploads\/2023\/10\/CAMPANHA-BF32569-scaled.jpg","type":"image\/jpeg"}],"author":"nurnbergmessebrasil","twitter_card":"summary_large_image","twitter_misc":{"Escrito por":"nurnbergmessebrasil","Tiempo de lectura":"6 minutos"},"schema":{"@context":"https:\/\/schema.org","@graph":[{"@type":"Article","@id":"https:\/\/bfshow.com.br\/feira-de-calcados-bfshow-tera-mais-de-100-marcas-exclusivas\/#article","isPartOf":{"@id":"https:\/\/bfshow.com.br\/feira-de-calcados-bfshow-tera-mais-de-100-marcas-exclusivas\/"},"author":{"name":"nurnbergmessebrasil","@id":"https:\/\/bfshow.com.br\/#\/schema\/person\/91b3d74ab1b78567d9dedbd288a71c0b"},"headline":"Feira de cal\u00e7ados BFSHOW ter\u00e1 mais de 100 marcas exclusivas\u00a0\u00a0","datePublished":"2023-10-09T18:49:39+00:00","dateModified":"2023-10-09T18:55:41+00:00","mainEntityOfPage":{"@id":"https:\/\/bfshow.com.br\/feira-de-calcados-bfshow-tera-mais-de-100-marcas-exclusivas\/"},"wordCount":1110,"commentCount":0,"publisher":{"@id":"https:\/\/bfshow.com.br\/#organization"},"articleSection":["Not\u00edcias"],"inLanguage":"es","potentialAction":[{"@type":"CommentAction","name":"Comment","target":["https:\/\/bfshow.com.br\/feira-de-calcados-bfshow-tera-mais-de-100-marcas-exclusivas\/#respond"]}]},{"@type":"WebPage","@id":"https:\/\/bfshow.com.br\/feira-de-calcados-bfshow-tera-mais-de-100-marcas-exclusivas\/","url":"https:\/\/bfshow.com.br\/feira-de-calcados-bfshow-tera-mais-de-100-marcas-exclusivas\/","name":"Feira de cal\u00e7ados BFSHOW ter\u00e1 mais de 100 marcas exclusivas\u00a0\u00a0 - Brazilian Footwear Show","isPartOf":{"@id":"https:\/\/bfshow.com.br\/#website"},"datePublished":"2023-10-09T18:49:39+00:00","dateModified":"2023-10-09T18:55:41+00:00","breadcrumb":{"@id":"https:\/\/bfshow.com.br\/feira-de-calcados-bfshow-tera-mais-de-100-marcas-exclusivas\/#breadcrumb"},"inLanguage":"es","potentialAction":[{"@type":"ReadAction","target":["https:\/\/bfshow.com.br\/feira-de-calcados-bfshow-tera-mais-de-100-marcas-exclusivas\/"]}]},{"@type":"BreadcrumbList","@id":"https:\/\/bfshow.com.br\/feira-de-calcados-bfshow-tera-mais-de-100-marcas-exclusivas\/#breadcrumb","itemListElement":[{"@type":"ListItem","position":1,"name":"In\u00edcio","item":"https:\/\/bfshow.com.br\/"},{"@type":"ListItem","position":2,"name":"Feira de cal\u00e7ados BFSHOW ter\u00e1 mais de 100 marcas exclusivas\u00a0\u00a0"}]},{"@type":"WebSite","@id":"https:\/\/bfshow.com.br\/#website","url":"https:\/\/bfshow.com.br\/","name":"Brazilian Footwear Show","description":"","publisher":{"@id":"https:\/\/bfshow.com.br\/#organization"},"potentialAction":[{"@type":"SearchAction","target":{"@type":"EntryPoint","urlTemplate":"https:\/\/bfshow.com.br\/?s={search_term_string}"},"query-input":"required name=search_term_string"}],"inLanguage":"es"},{"@type":"Organization","@id":"https:\/\/bfshow.com.br\/#organization","name":"Brazilian Footwear Show","url":"https:\/\/bfshow.com.br\/","logo":{"@type":"ImageObject","inLanguage":"es","@id":"https:\/\/bfshow.com.br\/#\/schema\/logo\/image\/","url":"https:\/\/bfshow.com.br\/wp-content\/uploads\/2022\/11\/logo-light.png","contentUrl":"https:\/\/bfshow.com.br\/wp-content\/uploads\/2022\/11\/logo-light.png","width":1625,"height":322,"caption":"Brazilian Footwear Show"},"image":{"@id":"https:\/\/bfshow.com.br\/#\/schema\/logo\/image\/"},"sameAs":["https:\/\/www.facebook.com\/bfshowoficial","https:\/\/www.instagram.com\/bfshowoficial\/","https:\/\/www.linkedin.com\/company\/bfshowoficial\/?viewAsMember=true"]},{"@type":"Person","@id":"https:\/\/bfshow.com.br\/#\/schema\/person\/91b3d74ab1b78567d9dedbd288a71c0b","name":"nurnbergmessebrasil","image":{"@type":"ImageObject","inLanguage":"es","@id":"https:\/\/bfshow.com.br\/#\/schema\/person\/image\/","url":"https:\/\/bfshow.com.br\/wp-content\/litespeed\/avatar\/b88fcec8a87b2d46b9d23065bbe53140.jpg?ver=1777565676","contentUrl":"https:\/\/bfshow.com.br\/wp-content\/litespeed\/avatar\/b88fcec8a87b2d46b9d23065bbe53140.jpg?ver=1777565676","caption":"nurnbergmessebrasil"},"sameAs":["http:\/\/bfshow.com.br"],"url":"https:\/\/bfshow.com.br\/es\/author\/nurnbergmessebrasil\/"}]}},"_links":{"self":[{"href":"https:\/\/bfshow.com.br\/es\/wp-json\/wp\/v2\/posts\/5284","targetHints":{"allow":["GET"]}}],"collection":[{"href":"https:\/\/bfshow.com.br\/es\/wp-json\/wp\/v2\/posts"}],"about":[{"href":"https:\/\/bfshow.com.br\/es\/wp-json\/wp\/v2\/types\/post"}],"author":[{"embeddable":true,"href":"https:\/\/bfshow.com.br\/es\/wp-json\/wp\/v2\/users\/1"}],"replies":[{"embeddable":true,"href":"https:\/\/bfshow.com.br\/es\/wp-json\/wp\/v2\/comments?post=5284"}],"version-history":[{"count":0,"href":"https:\/\/bfshow.com.br\/es\/wp-json\/wp\/v2\/posts\/5284\/revisions"}],"wp:featuredmedia":[{"embeddable":true,"href":"https:\/\/bfshow.com.br\/es\/wp-json\/wp\/v2\/media\/5286"}],"wp:attachment":[{"href":"https:\/\/bfshow.com.br\/es\/wp-json\/wp\/v2\/media?parent=5284"}],"wp:term":[{"taxonomy":"category","embeddable":true,"href":"https:\/\/bfshow.com.br\/es\/wp-json\/wp\/v2\/categories?post=5284"},{"taxonomy":"post_tag","embeddable":true,"href":"https:\/\/bfshow.com.br\/es\/wp-json\/wp\/v2\/tags?post=5284"}],"curies":[{"name":"wp","href":"https:\/\/api.w.org\/{rel}","templated":true}]}}