{"id":2830,"date":"2023-05-17T12:09:58","date_gmt":"2023-05-17T12:09:58","guid":{"rendered":"https:\/\/bfshow.com.br\/?p=2830"},"modified":"2023-05-17T12:10:19","modified_gmt":"2023-05-17T12:10:19","slug":"a-nove-meses-da-primeira-edicao-feira-da-abicalcados-ja-tem-85-do-espaco-preenchido","status":"publish","type":"post","link":"https:\/\/bfshow.com.br\/en\/a-nove-meses-da-primeira-edicao-feira-da-abicalcados-ja-tem-85-do-espaco-preenchido\/","title":{"rendered":"Footwear industry fair already has 85% of its spaces occupied"},"content":{"rendered":"<p>Fifth largest shoe producer in the world, the largest outside Asia, with an industrial park that brings together more than 4,000 factories of all sizes and which has a preponderant economic strength in at least ten Brazilian states. It is this industry that, starting in November, will achieve another historic landmark. This is because, between the 21st and 23rd of that month, the Brazilian Association of Footwear Industries (Abical\u00e7ados), in partnership with N\u00fcrnbergMesse Brasil, will hold the debut edition of the Brazilian Footwear Show (BFSHOW), at the Federation of Industries of the State of Rio Grande do Sul (Fiergs), in Porto Alegre\/RS. According to Abical\u00e7ados, nine months after its first edition, the footwear fair already has 85% of its spaces occupied, with companies of all sizes and Brazilian production centers.<br><br>With logistical advantages - as it takes place geographically close to the Salgado Filho international airport, in a city with a wide and qualified hotel network -, cost optimization for exhibitors, focus on business and excellent infrastructure, the first edition of the BFSHOW confirms the presence of players from all segments and sizes of the Brazilian footwear sector.<br><br>Another factor that has been attracting the attention of the sector, not only in Brazil, but internationally, is the fact that the BFSHOW is led by a national entity representing the activity, such as Micam Milano, an international reference in the segment of footwear exhibitions promoted by the association of Italian shoemakers, Assocalzaturifici. \u201cCompanies, of all sizes and segments, as well as large retailers, understood that it is an event demanded by the market. It is a fair held by the industry for retail, with no other interest than to meet the desires of the sector and provide one more tool for its development\u201d, evaluates the executive president of Abical\u00e7ados, Haroldo Ferreira.<br><br>The CEO of N\u00fcrnbergMesse Brasil, Jo\u00e3o Paulo Picolo, projects a thriving fair with business effectiveness. \u201cWe are excited! The seal of Abical\u00e7ados, by itself, points to the strength of the fair, optimizing resources and generating more expressive returns for exhibitors. The expectation for the first edition of the BFSHOW is very good, mainly due to what we can feel in the footwear centers that we visited over the past year\u201d, he highlights.<br><br><strong>Sector sees an opportunity to increase sales<\/strong><br>With an expected growth of 1.6% in production, reaching more than 860 million pairs produced in 2023, the Brazilian footwear industry sees in the event an opportunity to expand sales both in the domestic and international markets.<br><br>In the first month of 2023, positive news encouraged the activity. In January, the Brazilian footwear industry exported 14.63 million pairs, which generated US$ 117.9 million. The results are superior both in volume (+4.5%) and in revenue (+16.6%) compared to the first month of 2022. The great highlight was due to the United States, Latin American countries and Europe markets.<br><br>Para a BFSHOW, Paludetto destaca que a expectativa \u00e9 bastante positiva, especialmente pela recupera\u00e7\u00e3o da representatividade e pujan\u00e7a de uma feira \u201cdo tamanho que o setor merece\u201d. \u201cSabemos que a BFSHOW ser\u00e1 uma constru\u00e7\u00e3o, mas temos a expectativa de que se torne a principal feira nacional de cal\u00e7ados, para o mercado brasileiro e mundial\u201d. Segundo o diretor, o fato de ter \u00e0 frente uma entidade representativa, como a Abical\u00e7ados, facilita na interlocu\u00e7\u00e3o com os players do mercado, tanto expositores quanto varejistas. \u201cO mercado deve ter o comando. Ter a Abical\u00e7ados na promo\u00e7\u00e3o garante uma maior flexibilidade para atender \u00e0s demandas do setor\u201d, acrescenta, ressaltando, ainda, que s\u00e3o diferenciais desta primeira edi\u00e7\u00e3o, em Porto Alegre\/RS, a infraestrutura e as facilidades log\u00edsticas, j\u00e1 que a Fiergs fica localizada muito pr\u00f3xima ao aeroporto da capital ga\u00facha.<br><br><strong>.<\/strong><br>.<br><br>.<br><br><strong>Focus on business<\/strong><br>.<br><br>.<br><br>.<br><br><strong>.<\/strong><br>.<br><br>.<br><br><strong>Union<\/strong><br>.<br><br>.<br><br><br><strong>.<\/strong><br><br>.<\/p>\n\n\n\n<p><br><br><strong>About the organizers<\/strong><br>N\u00fcrnbergMesse Brasil is a subsidiary of the N\u00fcrnbergMesse Group, one of the 15 largest fair organizers in the world. The group\u2019s portfolio includes more than 120 international fairs and congresses (14 of them in Brazil) and more than 40 pavilions. Every year, more than 30,000 expositors and more than 1,5 million visitors meet in events hosted by N\u00fcrnbergMesse, which also has subsidiaries in China, United States, Brazil, Greece, Italy, and India, The group also established a network with sone 50 representatives operating in more than 116 countries.<br><br><strong>About Abical\u00e7ados<\/strong><br>Abical\u00e7ados represents the Brazilian footwear industry, fifth largest in the world and the largest in the Western Hemisphere. Founded in 1983, Abical\u00e7ados is based in Novo Hamburgo, state of Rio Grande do Sul, and its members are companies of all sizes accounting for more than 65 percent of the footwear produced in the country. The entity represents an industry that employs more than 300,000 people. Its mission is to represent, defend, develop, and promote Brazil\u2019s footwear industry with respect, excellency, and results.<\/p>","protected":false},"excerpt":{"rendered":"<p>Quinta maior produtora de cal\u00e7ados do mundo, a maior fora da \u00c1sia, com um parque fabril que re\u00fane mais de 4 mil f\u00e1bricas de todos os portes e que tem for\u00e7a econ\u00f4mica preponderante em pelo menos dez estados brasileiros. \u00c9 esta a ind\u00fastria que, a partir de novembro, realizar\u00e1 um outro marco hist\u00f3rico. Isso porque, [&hellip;]<\/p>\n","protected":false},"author":1,"featured_media":2831,"comment_status":"open","ping_status":"open","sticky":false,"template":"","format":"standard","meta":{"footnotes":""},"categories":[11],"tags":[],"class_list":["post-2830","post","type-post","status-publish","format-standard","has-post-thumbnail","hentry","category-noticias-brasil"],"yoast_head":"<!-- This site is optimized with the Yoast SEO Premium plugin v26.2 (Yoast SEO v21.3) - https:\/\/yoast.com\/wordpress\/plugins\/seo\/ -->\n<title>A nove meses da primeira edi\u00e7\u00e3o, feira da Abical\u00e7ados j\u00e1 tem 85% do espa\u00e7o preenchido - Brazilian Footwear Show<\/title>\n<meta name=\"robots\" content=\"index, follow, max-snippet:-1, max-image-preview:large, max-video-preview:-1\" \/>\n<link rel=\"canonical\" href=\"https:\/\/bfshow.com.br\/en\/a-nove-meses-da-primeira-edicao-feira-da-abicalcados-ja-tem-85-do-espaco-preenchido\/\" \/>\n<meta property=\"og:locale\" content=\"en_US\" \/>\n<meta property=\"og:type\" content=\"article\" \/>\n<meta property=\"og:title\" content=\"A nove meses da primeira edi\u00e7\u00e3o, feira da Abical\u00e7ados j\u00e1 tem 85% do espa\u00e7o preenchido - Brazilian Footwear Show\" \/>\n<meta property=\"og:description\" content=\"Quinta maior produtora de cal\u00e7ados do mundo, a maior fora da \u00c1sia, com um parque fabril que re\u00fane mais de 4 mil f\u00e1bricas de todos os portes e que tem for\u00e7a econ\u00f4mica preponderante em pelo menos dez estados brasileiros. \u00c9 esta a ind\u00fastria que, a partir de novembro, realizar\u00e1 um outro marco hist\u00f3rico. Isso porque, [&hellip;]\" \/>\n<meta property=\"og:url\" content=\"https:\/\/bfshow.com.br\/en\/a-nove-meses-da-primeira-edicao-feira-da-abicalcados-ja-tem-85-do-espaco-preenchido\/\" \/>\n<meta property=\"og:site_name\" content=\"Brazilian Footwear Show\" \/>\n<meta property=\"article:publisher\" content=\"https:\/\/www.facebook.com\/bfshowoficial\" \/>\n<meta property=\"article:published_time\" content=\"2023-05-17T12:09:58+00:00\" \/>\n<meta property=\"article:modified_time\" content=\"2023-05-17T12:10:19+00:00\" \/>\n<meta property=\"og:image\" content=\"https:\/\/bfshow.com.br\/wp-content\/uploads\/2023\/05\/167646448636736.jpg\" \/>\n\t<meta property=\"og:image:width\" content=\"800\" \/>\n\t<meta property=\"og:image:height\" content=\"800\" \/>\n\t<meta property=\"og:image:type\" content=\"image\/jpeg\" \/>\n<meta name=\"author\" content=\"nurnbergmessebrasil\" \/>\n<meta name=\"twitter:card\" content=\"summary_large_image\" \/>\n<meta name=\"twitter:label1\" content=\"Written by\" \/>\n\t<meta name=\"twitter:data1\" content=\"nurnbergmessebrasil\" \/>\n\t<meta name=\"twitter:label2\" content=\"Est. reading time\" \/>\n\t<meta name=\"twitter:data2\" content=\"9 minutes\" \/>\n<script type=\"application\/ld+json\" class=\"yoast-schema-graph\">{\"@context\":\"https:\/\/schema.org\",\"@graph\":[{\"@type\":\"Article\",\"@id\":\"https:\/\/bfshow.com.br\/a-nove-meses-da-primeira-edicao-feira-da-abicalcados-ja-tem-85-do-espaco-preenchido\/#article\",\"isPartOf\":{\"@id\":\"https:\/\/bfshow.com.br\/a-nove-meses-da-primeira-edicao-feira-da-abicalcados-ja-tem-85-do-espaco-preenchido\/\"},\"author\":{\"name\":\"nurnbergmessebrasil\",\"@id\":\"https:\/\/bfshow.com.br\/#\/schema\/person\/91b3d74ab1b78567d9dedbd288a71c0b\"},\"headline\":\"A nove meses da primeira edi\u00e7\u00e3o, feira da Abical\u00e7ados j\u00e1 tem 85% do espa\u00e7o preenchido\",\"datePublished\":\"2023-05-17T12:09:58+00:00\",\"dateModified\":\"2023-05-17T12:10:19+00:00\",\"mainEntityOfPage\":{\"@id\":\"https:\/\/bfshow.com.br\/a-nove-meses-da-primeira-edicao-feira-da-abicalcados-ja-tem-85-do-espaco-preenchido\/\"},\"wordCount\":1815,\"commentCount\":0,\"publisher\":{\"@id\":\"https:\/\/bfshow.com.br\/#organization\"},\"articleSection\":[\"Not\u00edcias\"],\"inLanguage\":\"en-US\",\"potentialAction\":[{\"@type\":\"CommentAction\",\"name\":\"Comment\",\"target\":[\"https:\/\/bfshow.com.br\/a-nove-meses-da-primeira-edicao-feira-da-abicalcados-ja-tem-85-do-espaco-preenchido\/#respond\"]}]},{\"@type\":\"WebPage\",\"@id\":\"https:\/\/bfshow.com.br\/a-nove-meses-da-primeira-edicao-feira-da-abicalcados-ja-tem-85-do-espaco-preenchido\/\",\"url\":\"https:\/\/bfshow.com.br\/a-nove-meses-da-primeira-edicao-feira-da-abicalcados-ja-tem-85-do-espaco-preenchido\/\",\"name\":\"A nove meses da primeira edi\u00e7\u00e3o, feira da Abical\u00e7ados j\u00e1 tem 85% do espa\u00e7o preenchido - Brazilian Footwear Show\",\"isPartOf\":{\"@id\":\"https:\/\/bfshow.com.br\/#website\"},\"datePublished\":\"2023-05-17T12:09:58+00:00\",\"dateModified\":\"2023-05-17T12:10:19+00:00\",\"breadcrumb\":{\"@id\":\"https:\/\/bfshow.com.br\/a-nove-meses-da-primeira-edicao-feira-da-abicalcados-ja-tem-85-do-espaco-preenchido\/#breadcrumb\"},\"inLanguage\":\"en-US\",\"potentialAction\":[{\"@type\":\"ReadAction\",\"target\":[\"https:\/\/bfshow.com.br\/a-nove-meses-da-primeira-edicao-feira-da-abicalcados-ja-tem-85-do-espaco-preenchido\/\"]}]},{\"@type\":\"BreadcrumbList\",\"@id\":\"https:\/\/bfshow.com.br\/a-nove-meses-da-primeira-edicao-feira-da-abicalcados-ja-tem-85-do-espaco-preenchido\/#breadcrumb\",\"itemListElement\":[{\"@type\":\"ListItem\",\"position\":1,\"name\":\"In\u00edcio\",\"item\":\"https:\/\/bfshow.com.br\/\"},{\"@type\":\"ListItem\",\"position\":2,\"name\":\"A nove meses da primeira edi\u00e7\u00e3o, feira da Abical\u00e7ados j\u00e1 tem 85% do espa\u00e7o preenchido\"}]},{\"@type\":\"WebSite\",\"@id\":\"https:\/\/bfshow.com.br\/#website\",\"url\":\"https:\/\/bfshow.com.br\/\",\"name\":\"Brazilian Footwear Show\",\"description\":\"\",\"publisher\":{\"@id\":\"https:\/\/bfshow.com.br\/#organization\"},\"potentialAction\":[{\"@type\":\"SearchAction\",\"target\":{\"@type\":\"EntryPoint\",\"urlTemplate\":\"https:\/\/bfshow.com.br\/?s={search_term_string}\"},\"query-input\":\"required name=search_term_string\"}],\"inLanguage\":\"en-US\"},{\"@type\":\"Organization\",\"@id\":\"https:\/\/bfshow.com.br\/#organization\",\"name\":\"Brazilian Footwear Show\",\"url\":\"https:\/\/bfshow.com.br\/\",\"logo\":{\"@type\":\"ImageObject\",\"inLanguage\":\"en-US\",\"@id\":\"https:\/\/bfshow.com.br\/#\/schema\/logo\/image\/\",\"url\":\"https:\/\/bfshow.com.br\/wp-content\/uploads\/2022\/11\/logo-light.png\",\"contentUrl\":\"https:\/\/bfshow.com.br\/wp-content\/uploads\/2022\/11\/logo-light.png\",\"width\":1625,\"height\":322,\"caption\":\"Brazilian Footwear Show\"},\"image\":{\"@id\":\"https:\/\/bfshow.com.br\/#\/schema\/logo\/image\/\"},\"sameAs\":[\"https:\/\/www.facebook.com\/bfshowoficial\",\"https:\/\/www.instagram.com\/bfshowoficial\/\",\"https:\/\/www.linkedin.com\/company\/bfshowoficial\/?viewAsMember=true\"]},{\"@type\":\"Person\",\"@id\":\"https:\/\/bfshow.com.br\/#\/schema\/person\/91b3d74ab1b78567d9dedbd288a71c0b\",\"name\":\"nurnbergmessebrasil\",\"image\":{\"@type\":\"ImageObject\",\"inLanguage\":\"en-US\",\"@id\":\"https:\/\/bfshow.com.br\/#\/schema\/person\/image\/\",\"url\":\"https:\/\/bfshow.com.br\/wp-content\/litespeed\/avatar\/b88fcec8a87b2d46b9d23065bbe53140.jpg?ver=1776960834\",\"contentUrl\":\"https:\/\/bfshow.com.br\/wp-content\/litespeed\/avatar\/b88fcec8a87b2d46b9d23065bbe53140.jpg?ver=1776960834\",\"caption\":\"nurnbergmessebrasil\"},\"sameAs\":[\"http:\/\/bfshow.com.br\"],\"url\":\"https:\/\/bfshow.com.br\/en\/author\/nurnbergmessebrasil\/\"}]}<\/script>\n<!-- \/ Yoast SEO Premium plugin. -->","yoast_head_json":{"title":"A nove meses da primeira edi\u00e7\u00e3o, feira da Abical\u00e7ados j\u00e1 tem 85% do espa\u00e7o preenchido - Brazilian Footwear Show","robots":{"index":"index","follow":"follow","max-snippet":"max-snippet:-1","max-image-preview":"max-image-preview:large","max-video-preview":"max-video-preview:-1"},"canonical":"https:\/\/bfshow.com.br\/en\/a-nove-meses-da-primeira-edicao-feira-da-abicalcados-ja-tem-85-do-espaco-preenchido\/","og_locale":"en_US","og_type":"article","og_title":"A nove meses da primeira edi\u00e7\u00e3o, feira da Abical\u00e7ados j\u00e1 tem 85% do espa\u00e7o preenchido - Brazilian Footwear Show","og_description":"Quinta maior produtora de cal\u00e7ados do mundo, a maior fora da \u00c1sia, com um parque fabril que re\u00fane mais de 4 mil f\u00e1bricas de todos os portes e que tem for\u00e7a econ\u00f4mica preponderante em pelo menos dez estados brasileiros. \u00c9 esta a ind\u00fastria que, a partir de novembro, realizar\u00e1 um outro marco hist\u00f3rico. Isso porque, [&hellip;]","og_url":"https:\/\/bfshow.com.br\/en\/a-nove-meses-da-primeira-edicao-feira-da-abicalcados-ja-tem-85-do-espaco-preenchido\/","og_site_name":"Brazilian Footwear Show","article_publisher":"https:\/\/www.facebook.com\/bfshowoficial","article_published_time":"2023-05-17T12:09:58+00:00","article_modified_time":"2023-05-17T12:10:19+00:00","og_image":[{"width":800,"height":800,"url":"https:\/\/bfshow.com.br\/wp-content\/uploads\/2023\/05\/167646448636736.jpg","type":"image\/jpeg"}],"author":"nurnbergmessebrasil","twitter_card":"summary_large_image","twitter_misc":{"Written by":"nurnbergmessebrasil","Est. reading time":"9 minutes"},"schema":{"@context":"https:\/\/schema.org","@graph":[{"@type":"Article","@id":"https:\/\/bfshow.com.br\/a-nove-meses-da-primeira-edicao-feira-da-abicalcados-ja-tem-85-do-espaco-preenchido\/#article","isPartOf":{"@id":"https:\/\/bfshow.com.br\/a-nove-meses-da-primeira-edicao-feira-da-abicalcados-ja-tem-85-do-espaco-preenchido\/"},"author":{"name":"nurnbergmessebrasil","@id":"https:\/\/bfshow.com.br\/#\/schema\/person\/91b3d74ab1b78567d9dedbd288a71c0b"},"headline":"A nove meses da primeira edi\u00e7\u00e3o, feira da Abical\u00e7ados j\u00e1 tem 85% do espa\u00e7o preenchido","datePublished":"2023-05-17T12:09:58+00:00","dateModified":"2023-05-17T12:10:19+00:00","mainEntityOfPage":{"@id":"https:\/\/bfshow.com.br\/a-nove-meses-da-primeira-edicao-feira-da-abicalcados-ja-tem-85-do-espaco-preenchido\/"},"wordCount":1815,"commentCount":0,"publisher":{"@id":"https:\/\/bfshow.com.br\/#organization"},"articleSection":["Not\u00edcias"],"inLanguage":"en-US","potentialAction":[{"@type":"CommentAction","name":"Comment","target":["https:\/\/bfshow.com.br\/a-nove-meses-da-primeira-edicao-feira-da-abicalcados-ja-tem-85-do-espaco-preenchido\/#respond"]}]},{"@type":"WebPage","@id":"https:\/\/bfshow.com.br\/a-nove-meses-da-primeira-edicao-feira-da-abicalcados-ja-tem-85-do-espaco-preenchido\/","url":"https:\/\/bfshow.com.br\/a-nove-meses-da-primeira-edicao-feira-da-abicalcados-ja-tem-85-do-espaco-preenchido\/","name":"A nove meses da primeira edi\u00e7\u00e3o, feira da Abical\u00e7ados j\u00e1 tem 85% do espa\u00e7o preenchido - Brazilian Footwear Show","isPartOf":{"@id":"https:\/\/bfshow.com.br\/#website"},"datePublished":"2023-05-17T12:09:58+00:00","dateModified":"2023-05-17T12:10:19+00:00","breadcrumb":{"@id":"https:\/\/bfshow.com.br\/a-nove-meses-da-primeira-edicao-feira-da-abicalcados-ja-tem-85-do-espaco-preenchido\/#breadcrumb"},"inLanguage":"en-US","potentialAction":[{"@type":"ReadAction","target":["https:\/\/bfshow.com.br\/a-nove-meses-da-primeira-edicao-feira-da-abicalcados-ja-tem-85-do-espaco-preenchido\/"]}]},{"@type":"BreadcrumbList","@id":"https:\/\/bfshow.com.br\/a-nove-meses-da-primeira-edicao-feira-da-abicalcados-ja-tem-85-do-espaco-preenchido\/#breadcrumb","itemListElement":[{"@type":"ListItem","position":1,"name":"In\u00edcio","item":"https:\/\/bfshow.com.br\/"},{"@type":"ListItem","position":2,"name":"A nove meses da primeira edi\u00e7\u00e3o, feira da Abical\u00e7ados j\u00e1 tem 85% do espa\u00e7o preenchido"}]},{"@type":"WebSite","@id":"https:\/\/bfshow.com.br\/#website","url":"https:\/\/bfshow.com.br\/","name":"Brazilian Footwear Show","description":"","publisher":{"@id":"https:\/\/bfshow.com.br\/#organization"},"potentialAction":[{"@type":"SearchAction","target":{"@type":"EntryPoint","urlTemplate":"https:\/\/bfshow.com.br\/?s={search_term_string}"},"query-input":"required name=search_term_string"}],"inLanguage":"en-US"},{"@type":"Organization","@id":"https:\/\/bfshow.com.br\/#organization","name":"Brazilian Footwear Show","url":"https:\/\/bfshow.com.br\/","logo":{"@type":"ImageObject","inLanguage":"en-US","@id":"https:\/\/bfshow.com.br\/#\/schema\/logo\/image\/","url":"https:\/\/bfshow.com.br\/wp-content\/uploads\/2022\/11\/logo-light.png","contentUrl":"https:\/\/bfshow.com.br\/wp-content\/uploads\/2022\/11\/logo-light.png","width":1625,"height":322,"caption":"Brazilian Footwear Show"},"image":{"@id":"https:\/\/bfshow.com.br\/#\/schema\/logo\/image\/"},"sameAs":["https:\/\/www.facebook.com\/bfshowoficial","https:\/\/www.instagram.com\/bfshowoficial\/","https:\/\/www.linkedin.com\/company\/bfshowoficial\/?viewAsMember=true"]},{"@type":"Person","@id":"https:\/\/bfshow.com.br\/#\/schema\/person\/91b3d74ab1b78567d9dedbd288a71c0b","name":"nurnbergmessebrasil","image":{"@type":"ImageObject","inLanguage":"en-US","@id":"https:\/\/bfshow.com.br\/#\/schema\/person\/image\/","url":"https:\/\/bfshow.com.br\/wp-content\/litespeed\/avatar\/b88fcec8a87b2d46b9d23065bbe53140.jpg?ver=1776960834","contentUrl":"https:\/\/bfshow.com.br\/wp-content\/litespeed\/avatar\/b88fcec8a87b2d46b9d23065bbe53140.jpg?ver=1776960834","caption":"nurnbergmessebrasil"},"sameAs":["http:\/\/bfshow.com.br"],"url":"https:\/\/bfshow.com.br\/en\/author\/nurnbergmessebrasil\/"}]}},"_links":{"self":[{"href":"https:\/\/bfshow.com.br\/en\/wp-json\/wp\/v2\/posts\/2830","targetHints":{"allow":["GET"]}}],"collection":[{"href":"https:\/\/bfshow.com.br\/en\/wp-json\/wp\/v2\/posts"}],"about":[{"href":"https:\/\/bfshow.com.br\/en\/wp-json\/wp\/v2\/types\/post"}],"author":[{"embeddable":true,"href":"https:\/\/bfshow.com.br\/en\/wp-json\/wp\/v2\/users\/1"}],"replies":[{"embeddable":true,"href":"https:\/\/bfshow.com.br\/en\/wp-json\/wp\/v2\/comments?post=2830"}],"version-history":[{"count":0,"href":"https:\/\/bfshow.com.br\/en\/wp-json\/wp\/v2\/posts\/2830\/revisions"}],"wp:featuredmedia":[{"embeddable":true,"href":"https:\/\/bfshow.com.br\/en\/wp-json\/wp\/v2\/media\/2831"}],"wp:attachment":[{"href":"https:\/\/bfshow.com.br\/en\/wp-json\/wp\/v2\/media?parent=2830"}],"wp:term":[{"taxonomy":"category","embeddable":true,"href":"https:\/\/bfshow.com.br\/en\/wp-json\/wp\/v2\/categories?post=2830"},{"taxonomy":"post_tag","embeddable":true,"href":"https:\/\/bfshow.com.br\/en\/wp-json\/wp\/v2\/tags?post=2830"}],"curies":[{"name":"wp","href":"https:\/\/api.w.org\/{rel}","templated":true}]}}