{"id":10737,"date":"2024-11-13T20:39:01","date_gmt":"2024-11-13T20:39:01","guid":{"rendered":"https:\/\/bfshow.com.br\/?p=10737"},"modified":"2024-11-13T20:39:05","modified_gmt":"2024-11-13T20:39:05","slug":"calcados-sustentaveis-ganham-destaque-na-principal-feira-do-setor-no-brasil","status":"publish","type":"post","link":"https:\/\/bfshow.com.br\/en\/calcados-sustentaveis-ganham-destaque-na-principal-feira-do-setor-no-brasil\/","title":{"rendered":"Sustainable footwear gains prominence at the main fair of the sector in Brazil"},"content":{"rendered":"<p><em>Companies use recycled materials, green energy and reduce water waste<\/em><br><\/p>\n\n\n\n<p>The footwear market is heated and is expected to reach the mark of 893 million pairs produced by the end of this year, an increase of 3.2% compared to 2023. This growth goes hand in hand with sustainability, a theme that has gotten prominence at BFSHOW, the main footwear fair in the country that was held between November 11 and 13 in the Anhembi District, in S\u00e3o Paulo. The fair featured the Arena Sustentabilidade space, an exhibition that presented products from ten companies, all of them developed with sustainable production practices and certified by Sustainable Origin.<br><\/p>\n\n\n\n<p>Among the brands that stand out in the subject, is Pegada Cal\u00e7ados. At the fair, the company presented Pegada ECOSTEP, a footwear line with canvas upper and recycled cotton mesh, elastic PET yarn laces and recycled material soles. \"ECOSTEP emerged as a way to communicate and consolidate our sustainability actions. Each pair is produced by reusing materials that would otherwise be discarded and adopting processes that reduce environmental impacts, bringing a new perspective to sustainable fashion, transforming recycled raw materials into modern and comfortable sneakers.\", says Renata Scholles, Marketing Manager of the company.<br><\/p>\n\n\n\n<p>\u201cWe observe a growing interest in topics such as sustainability and we know that this engagement reflects the trend of the Brazilian market, where more and more consumers prioritize products that combine environmental responsibility and durability. Therefore, we have further intensified our sustainable actions to meet this demand.\", explains Renata. Pegada has received, in 2024, the Diamond level certification \u2013 the highest category - of the Sustainable Origin project, promoted by Abical\u00e7ados in partnership with Assintecal, which recognizes the best environmental, economic and social practices of the footwear industry. \"This level indicates that we follow strict criteria in areas such as waste management, energy efficiency, traceability of raw materials and care for social responsibility, such as good working conditions and support for the communities where we operate,\u201d she adds.<br><\/p>\n\n\n\n<p>Modare Ultraconforto, from the Grupo Beira Rio S. A, also presents sustainable products at the fair, with the Bio-Nurture concept, which combines technology and nature, elevating women's self-care and sustainable well-being. The products are vegan and comfort-focused, meeting the growing demand for conscious and environmentally responsible choices. \"Modare delivers comfort and care for the feet, as well as style at a much more affordable price than the competition. It reuses waste in the product and creates accessible store spaces, collaborating for the local economy throughout Brazil\", explains Tiago Vicente, marketing advisor of the brand. The company also relies on zero water waste and the use of 98% green energy in its activities.\u00a0<br><\/p>\n\n\n\n<p>Piccadilly is another company that values sustainable practices, operating with solar energy and zero landfill policies. Recognized for innovation and comfort technologies, Piccadilly has received, for the second time, the Diamond certification in Sustainable Origin.\u00a0<br><\/p>\n\n\n\n<p>For the next season's collection, the brand launches the Gisa Doll shoe, with model's sole that incorporates 20% recycled waste, from the reuse of injection leftovers of the same material, which are ground and reintegrated into the production process.\u00a0<br><\/p>","protected":false},"excerpt":{"rendered":"<p>Empresas usam materiais reciclados, energia verde e reduzem o desperd\u00edcio de \u00e1gua O mercado cal\u00e7adista est\u00e1 aquecido e deve atingir a marca de 893 milh\u00f5es de pares produzidos at\u00e9 o final deste ano, um aumento de 3.2% em compara\u00e7\u00e3o com 2023. Esse crescimento anda junto com a sustentabilidade, tema que ganhou destaque na BFSHOW, principal [&hellip;]<\/p>\n","protected":false},"author":5,"featured_media":10739,"comment_status":"open","ping_status":"open","sticky":false,"template":"","format":"standard","meta":{"footnotes":""},"categories":[11],"tags":[],"class_list":["post-10737","post","type-post","status-publish","format-standard","has-post-thumbnail","hentry","category-noticias-brasil"],"yoast_head":"<!-- This site is optimized with the Yoast SEO Premium plugin v26.2 (Yoast SEO v21.3) - https:\/\/yoast.com\/wordpress\/plugins\/seo\/ -->\n<title>Cal\u00e7ados sustent\u00e1veis ganham destaque na principal feira do setor no Brasil - Brazilian Footwear Show<\/title>\n<meta name=\"robots\" content=\"index, follow, max-snippet:-1, max-image-preview:large, max-video-preview:-1\" \/>\n<link rel=\"canonical\" href=\"https:\/\/bfshow.com.br\/en\/calcados-sustentaveis-ganham-destaque-na-principal-feira-do-setor-no-brasil\/\" \/>\n<meta property=\"og:locale\" content=\"en_US\" \/>\n<meta property=\"og:type\" content=\"article\" \/>\n<meta property=\"og:title\" content=\"Cal\u00e7ados sustent\u00e1veis ganham destaque na principal feira do setor no Brasil - Brazilian Footwear Show\" \/>\n<meta property=\"og:description\" content=\"Empresas usam materiais reciclados, energia verde e reduzem o desperd\u00edcio de \u00e1gua O mercado cal\u00e7adista est\u00e1 aquecido e deve atingir a marca de 893 milh\u00f5es de pares produzidos at\u00e9 o final deste ano, um aumento de 3.2% em compara\u00e7\u00e3o com 2023. Esse crescimento anda junto com a sustentabilidade, tema que ganhou destaque na BFSHOW, principal [&hellip;]\" \/>\n<meta property=\"og:url\" content=\"https:\/\/bfshow.com.br\/en\/calcados-sustentaveis-ganham-destaque-na-principal-feira-do-setor-no-brasil\/\" \/>\n<meta property=\"og:site_name\" content=\"Brazilian Footwear Show\" \/>\n<meta property=\"article:publisher\" content=\"https:\/\/www.facebook.com\/bfshowoficial\" \/>\n<meta property=\"article:published_time\" content=\"2024-11-13T20:39:01+00:00\" \/>\n<meta property=\"article:modified_time\" content=\"2024-11-13T20:39:05+00:00\" \/>\n<meta property=\"og:image\" content=\"http:\/\/bfshow.com.br\/wp-content\/uploads\/2024\/11\/Captura-de-Pantalla-2024-11-13-a-las-5.51.51-p.-m.jpg\" \/>\n\t<meta property=\"og:image:width\" content=\"1198\" \/>\n\t<meta property=\"og:image:height\" content=\"794\" \/>\n\t<meta property=\"og:image:type\" content=\"image\/jpeg\" \/>\n<meta name=\"author\" content=\"imprensa2\" \/>\n<meta name=\"twitter:card\" content=\"summary_large_image\" \/>\n<meta name=\"twitter:label1\" content=\"Written by\" \/>\n\t<meta name=\"twitter:data1\" content=\"imprensa2\" \/>\n\t<meta name=\"twitter:label2\" content=\"Est. reading time\" \/>\n\t<meta name=\"twitter:data2\" content=\"3 minutes\" \/>\n<script type=\"application\/ld+json\" class=\"yoast-schema-graph\">{\"@context\":\"https:\/\/schema.org\",\"@graph\":[{\"@type\":\"Article\",\"@id\":\"https:\/\/bfshow.com.br\/calcados-sustentaveis-ganham-destaque-na-principal-feira-do-setor-no-brasil\/#article\",\"isPartOf\":{\"@id\":\"https:\/\/bfshow.com.br\/calcados-sustentaveis-ganham-destaque-na-principal-feira-do-setor-no-brasil\/\"},\"author\":{\"name\":\"imprensa2\",\"@id\":\"https:\/\/bfshow.com.br\/#\/schema\/person\/d44405f1ebc626a2a9fc93e8772b53cd\"},\"headline\":\"Cal\u00e7ados sustent\u00e1veis ganham destaque na principal feira do setor no Brasil\",\"datePublished\":\"2024-11-13T20:39:01+00:00\",\"dateModified\":\"2024-11-13T20:39:05+00:00\",\"mainEntityOfPage\":{\"@id\":\"https:\/\/bfshow.com.br\/calcados-sustentaveis-ganham-destaque-na-principal-feira-do-setor-no-brasil\/\"},\"wordCount\":602,\"commentCount\":0,\"publisher\":{\"@id\":\"https:\/\/bfshow.com.br\/#organization\"},\"articleSection\":[\"Not\u00edcias\"],\"inLanguage\":\"en-US\",\"potentialAction\":[{\"@type\":\"CommentAction\",\"name\":\"Comment\",\"target\":[\"https:\/\/bfshow.com.br\/calcados-sustentaveis-ganham-destaque-na-principal-feira-do-setor-no-brasil\/#respond\"]}]},{\"@type\":\"WebPage\",\"@id\":\"https:\/\/bfshow.com.br\/calcados-sustentaveis-ganham-destaque-na-principal-feira-do-setor-no-brasil\/\",\"url\":\"https:\/\/bfshow.com.br\/calcados-sustentaveis-ganham-destaque-na-principal-feira-do-setor-no-brasil\/\",\"name\":\"Cal\u00e7ados sustent\u00e1veis ganham destaque na principal feira do setor no Brasil - Brazilian Footwear Show\",\"isPartOf\":{\"@id\":\"https:\/\/bfshow.com.br\/#website\"},\"datePublished\":\"2024-11-13T20:39:01+00:00\",\"dateModified\":\"2024-11-13T20:39:05+00:00\",\"breadcrumb\":{\"@id\":\"https:\/\/bfshow.com.br\/calcados-sustentaveis-ganham-destaque-na-principal-feira-do-setor-no-brasil\/#breadcrumb\"},\"inLanguage\":\"en-US\",\"potentialAction\":[{\"@type\":\"ReadAction\",\"target\":[\"https:\/\/bfshow.com.br\/calcados-sustentaveis-ganham-destaque-na-principal-feira-do-setor-no-brasil\/\"]}]},{\"@type\":\"BreadcrumbList\",\"@id\":\"https:\/\/bfshow.com.br\/calcados-sustentaveis-ganham-destaque-na-principal-feira-do-setor-no-brasil\/#breadcrumb\",\"itemListElement\":[{\"@type\":\"ListItem\",\"position\":1,\"name\":\"In\u00edcio\",\"item\":\"https:\/\/bfshow.com.br\/\"},{\"@type\":\"ListItem\",\"position\":2,\"name\":\"Cal\u00e7ados sustent\u00e1veis ganham destaque na principal feira do setor no Brasil\"}]},{\"@type\":\"WebSite\",\"@id\":\"https:\/\/bfshow.com.br\/#website\",\"url\":\"https:\/\/bfshow.com.br\/\",\"name\":\"Brazilian Footwear Show\",\"description\":\"\",\"publisher\":{\"@id\":\"https:\/\/bfshow.com.br\/#organization\"},\"potentialAction\":[{\"@type\":\"SearchAction\",\"target\":{\"@type\":\"EntryPoint\",\"urlTemplate\":\"https:\/\/bfshow.com.br\/?s={search_term_string}\"},\"query-input\":\"required name=search_term_string\"}],\"inLanguage\":\"en-US\"},{\"@type\":\"Organization\",\"@id\":\"https:\/\/bfshow.com.br\/#organization\",\"name\":\"Brazilian Footwear Show\",\"url\":\"https:\/\/bfshow.com.br\/\",\"logo\":{\"@type\":\"ImageObject\",\"inLanguage\":\"en-US\",\"@id\":\"https:\/\/bfshow.com.br\/#\/schema\/logo\/image\/\",\"url\":\"https:\/\/bfshow.com.br\/wp-content\/uploads\/2022\/11\/logo-light.png\",\"contentUrl\":\"https:\/\/bfshow.com.br\/wp-content\/uploads\/2022\/11\/logo-light.png\",\"width\":1625,\"height\":322,\"caption\":\"Brazilian Footwear Show\"},\"image\":{\"@id\":\"https:\/\/bfshow.com.br\/#\/schema\/logo\/image\/\"},\"sameAs\":[\"https:\/\/www.facebook.com\/bfshowoficial\",\"https:\/\/www.instagram.com\/bfshowoficial\/\",\"https:\/\/www.linkedin.com\/company\/bfshowoficial\/?viewAsMember=true\"]},{\"@type\":\"Person\",\"@id\":\"https:\/\/bfshow.com.br\/#\/schema\/person\/d44405f1ebc626a2a9fc93e8772b53cd\",\"name\":\"imprensa2\",\"image\":{\"@type\":\"ImageObject\",\"inLanguage\":\"en-US\",\"@id\":\"https:\/\/bfshow.com.br\/#\/schema\/person\/image\/\",\"url\":\"https:\/\/bfshow.com.br\/wp-content\/litespeed\/avatar\/06b160efa5bc93c875b7383b163c3c62.jpg?ver=1776965902\",\"contentUrl\":\"https:\/\/bfshow.com.br\/wp-content\/litespeed\/avatar\/06b160efa5bc93c875b7383b163c3c62.jpg?ver=1776965902\",\"caption\":\"imprensa2\"},\"url\":\"https:\/\/bfshow.com.br\/en\/author\/imprensa2\/\"}]}<\/script>\n<!-- \/ Yoast SEO Premium plugin. -->","yoast_head_json":{"title":"Cal\u00e7ados sustent\u00e1veis ganham destaque na principal feira do setor no Brasil - Brazilian Footwear Show","robots":{"index":"index","follow":"follow","max-snippet":"max-snippet:-1","max-image-preview":"max-image-preview:large","max-video-preview":"max-video-preview:-1"},"canonical":"https:\/\/bfshow.com.br\/en\/calcados-sustentaveis-ganham-destaque-na-principal-feira-do-setor-no-brasil\/","og_locale":"en_US","og_type":"article","og_title":"Cal\u00e7ados sustent\u00e1veis ganham destaque na principal feira do setor no Brasil - Brazilian Footwear Show","og_description":"Empresas usam materiais reciclados, energia verde e reduzem o desperd\u00edcio de \u00e1gua O mercado cal\u00e7adista est\u00e1 aquecido e deve atingir a marca de 893 milh\u00f5es de pares produzidos at\u00e9 o final deste ano, um aumento de 3.2% em compara\u00e7\u00e3o com 2023. Esse crescimento anda junto com a sustentabilidade, tema que ganhou destaque na BFSHOW, principal [&hellip;]","og_url":"https:\/\/bfshow.com.br\/en\/calcados-sustentaveis-ganham-destaque-na-principal-feira-do-setor-no-brasil\/","og_site_name":"Brazilian Footwear Show","article_publisher":"https:\/\/www.facebook.com\/bfshowoficial","article_published_time":"2024-11-13T20:39:01+00:00","article_modified_time":"2024-11-13T20:39:05+00:00","og_image":[{"width":1198,"height":794,"url":"http:\/\/bfshow.com.br\/wp-content\/uploads\/2024\/11\/Captura-de-Pantalla-2024-11-13-a-las-5.51.51-p.-m.jpg","type":"image\/jpeg"}],"author":"imprensa2","twitter_card":"summary_large_image","twitter_misc":{"Written by":"imprensa2","Est. reading time":"3 minutes"},"schema":{"@context":"https:\/\/schema.org","@graph":[{"@type":"Article","@id":"https:\/\/bfshow.com.br\/calcados-sustentaveis-ganham-destaque-na-principal-feira-do-setor-no-brasil\/#article","isPartOf":{"@id":"https:\/\/bfshow.com.br\/calcados-sustentaveis-ganham-destaque-na-principal-feira-do-setor-no-brasil\/"},"author":{"name":"imprensa2","@id":"https:\/\/bfshow.com.br\/#\/schema\/person\/d44405f1ebc626a2a9fc93e8772b53cd"},"headline":"Cal\u00e7ados sustent\u00e1veis ganham destaque na principal feira do setor no Brasil","datePublished":"2024-11-13T20:39:01+00:00","dateModified":"2024-11-13T20:39:05+00:00","mainEntityOfPage":{"@id":"https:\/\/bfshow.com.br\/calcados-sustentaveis-ganham-destaque-na-principal-feira-do-setor-no-brasil\/"},"wordCount":602,"commentCount":0,"publisher":{"@id":"https:\/\/bfshow.com.br\/#organization"},"articleSection":["Not\u00edcias"],"inLanguage":"en-US","potentialAction":[{"@type":"CommentAction","name":"Comment","target":["https:\/\/bfshow.com.br\/calcados-sustentaveis-ganham-destaque-na-principal-feira-do-setor-no-brasil\/#respond"]}]},{"@type":"WebPage","@id":"https:\/\/bfshow.com.br\/calcados-sustentaveis-ganham-destaque-na-principal-feira-do-setor-no-brasil\/","url":"https:\/\/bfshow.com.br\/calcados-sustentaveis-ganham-destaque-na-principal-feira-do-setor-no-brasil\/","name":"Cal\u00e7ados sustent\u00e1veis ganham destaque na principal feira do setor no Brasil - Brazilian Footwear Show","isPartOf":{"@id":"https:\/\/bfshow.com.br\/#website"},"datePublished":"2024-11-13T20:39:01+00:00","dateModified":"2024-11-13T20:39:05+00:00","breadcrumb":{"@id":"https:\/\/bfshow.com.br\/calcados-sustentaveis-ganham-destaque-na-principal-feira-do-setor-no-brasil\/#breadcrumb"},"inLanguage":"en-US","potentialAction":[{"@type":"ReadAction","target":["https:\/\/bfshow.com.br\/calcados-sustentaveis-ganham-destaque-na-principal-feira-do-setor-no-brasil\/"]}]},{"@type":"BreadcrumbList","@id":"https:\/\/bfshow.com.br\/calcados-sustentaveis-ganham-destaque-na-principal-feira-do-setor-no-brasil\/#breadcrumb","itemListElement":[{"@type":"ListItem","position":1,"name":"In\u00edcio","item":"https:\/\/bfshow.com.br\/"},{"@type":"ListItem","position":2,"name":"Cal\u00e7ados sustent\u00e1veis ganham destaque na principal feira do setor no Brasil"}]},{"@type":"WebSite","@id":"https:\/\/bfshow.com.br\/#website","url":"https:\/\/bfshow.com.br\/","name":"Brazilian Footwear Show","description":"","publisher":{"@id":"https:\/\/bfshow.com.br\/#organization"},"potentialAction":[{"@type":"SearchAction","target":{"@type":"EntryPoint","urlTemplate":"https:\/\/bfshow.com.br\/?s={search_term_string}"},"query-input":"required name=search_term_string"}],"inLanguage":"en-US"},{"@type":"Organization","@id":"https:\/\/bfshow.com.br\/#organization","name":"Brazilian Footwear Show","url":"https:\/\/bfshow.com.br\/","logo":{"@type":"ImageObject","inLanguage":"en-US","@id":"https:\/\/bfshow.com.br\/#\/schema\/logo\/image\/","url":"https:\/\/bfshow.com.br\/wp-content\/uploads\/2022\/11\/logo-light.png","contentUrl":"https:\/\/bfshow.com.br\/wp-content\/uploads\/2022\/11\/logo-light.png","width":1625,"height":322,"caption":"Brazilian Footwear Show"},"image":{"@id":"https:\/\/bfshow.com.br\/#\/schema\/logo\/image\/"},"sameAs":["https:\/\/www.facebook.com\/bfshowoficial","https:\/\/www.instagram.com\/bfshowoficial\/","https:\/\/www.linkedin.com\/company\/bfshowoficial\/?viewAsMember=true"]},{"@type":"Person","@id":"https:\/\/bfshow.com.br\/#\/schema\/person\/d44405f1ebc626a2a9fc93e8772b53cd","name":"imprensa2","image":{"@type":"ImageObject","inLanguage":"en-US","@id":"https:\/\/bfshow.com.br\/#\/schema\/person\/image\/","url":"https:\/\/bfshow.com.br\/wp-content\/litespeed\/avatar\/06b160efa5bc93c875b7383b163c3c62.jpg?ver=1776965902","contentUrl":"https:\/\/bfshow.com.br\/wp-content\/litespeed\/avatar\/06b160efa5bc93c875b7383b163c3c62.jpg?ver=1776965902","caption":"imprensa2"},"url":"https:\/\/bfshow.com.br\/en\/author\/imprensa2\/"}]}},"_links":{"self":[{"href":"https:\/\/bfshow.com.br\/en\/wp-json\/wp\/v2\/posts\/10737","targetHints":{"allow":["GET"]}}],"collection":[{"href":"https:\/\/bfshow.com.br\/en\/wp-json\/wp\/v2\/posts"}],"about":[{"href":"https:\/\/bfshow.com.br\/en\/wp-json\/wp\/v2\/types\/post"}],"author":[{"embeddable":true,"href":"https:\/\/bfshow.com.br\/en\/wp-json\/wp\/v2\/users\/5"}],"replies":[{"embeddable":true,"href":"https:\/\/bfshow.com.br\/en\/wp-json\/wp\/v2\/comments?post=10737"}],"version-history":[{"count":1,"href":"https:\/\/bfshow.com.br\/en\/wp-json\/wp\/v2\/posts\/10737\/revisions"}],"predecessor-version":[{"id":10740,"href":"https:\/\/bfshow.com.br\/en\/wp-json\/wp\/v2\/posts\/10737\/revisions\/10740"}],"wp:featuredmedia":[{"embeddable":true,"href":"https:\/\/bfshow.com.br\/en\/wp-json\/wp\/v2\/media\/10739"}],"wp:attachment":[{"href":"https:\/\/bfshow.com.br\/en\/wp-json\/wp\/v2\/media?parent=10737"}],"wp:term":[{"taxonomy":"category","embeddable":true,"href":"https:\/\/bfshow.com.br\/en\/wp-json\/wp\/v2\/categories?post=10737"},{"taxonomy":"post_tag","embeddable":true,"href":"https:\/\/bfshow.com.br\/en\/wp-json\/wp\/v2\/tags?post=10737"}],"curies":[{"name":"wp","href":"https:\/\/api.w.org\/{rel}","templated":true}]}}